{"id":903,"date":"2020-02-26T02:46:24","date_gmt":"2020-02-26T00:46:24","guid":{"rendered":"http:\/\/tressowblog.dtp-net.de\/?p=903"},"modified":"2020-02-27T13:08:07","modified_gmt":"2020-02-27T11:08:07","slug":"tag-47-wir-essen-ein-doch","status":"publish","type":"post","link":"http:\/\/tressowblog.dtp-net.de\/?p=903","title":{"rendered":"Tag 47 &#8211; Wir essen DOCH"},"content":{"rendered":"<p>Heute war eigentlich ein ganz normaler Tag au\u00dfer &#8230; \ud83d\ude09 &#8211; ihr werdet vielleicht staunen, was alles an so einem ganz normalen Tag <em>doch<\/em> nicht so ganz normal ist.<\/p>\n<p>Zun\u00e4chst: es war Busstreik. Das war schon \u00f6fters in den letzten Wochen. &#8222;Liebe Busfahrer&#8220; &#8211; so m\u00f6chte man ihnen sagen &#8222;streikt <em>doch<\/em> gerne noch ein bisschen!&#8220;. Immerhin haben sie jetzt mal auf die Kinder geh\u00f6rt und haben am Mittwoch gestreikt. Andere Eltern m\u00f6gen ihre Kinder dann mit dem Auto in die Schule kutschieren. Ich pers\u00f6nlich w\u00fcrde das eher nicht tun. Aus verschiedenen Gr\u00fcnden. Das Land Mecklenburg-Vorpommern, in dessen Zust\u00e4ndigkeit die Gestaltung und der Betrieb der Schullandschaft f\u00e4llt, hat beschlossen, dass es in Tressow keine Schule geben soll. Daf\u00fcr sollen aber die Kinder jeden Tag in einem Bus durch die Gegend kutschiert werden. Ich will die Bobitzer Schule nicht schlecht reden. Aber bei dieser Entscheidung des Landes Mecklenburg-Vorpommern\u00a0sind vor allem die Kinder die Leid tragenden. Denn selbstverst\u00e4ndlich k\u00f6nnte man auch in Tressow eine Schule unterhalten. Nun ist auch das Land Mecklenburg-Vorpommern daf\u00fcr zust\u00e4ndig, dass die Kinder \u00fcberhaupt in die Schule kommen und wieder zur\u00fcck. Und wenn die das nicht schaffen, dann bleiben die Kinder eben dumm &#8211; \u00e4\u00e4\u00e4h pardon &#8211; zu Hause. Einen Schaden nehmen sie davon nicht. Damit der Besuch p\u00fcnktlich zu seiner anderen Arbeit kommt, musste er geweckt werden. Das h\u00e4tte eigentlich nicht passieren d\u00fcrfen.<\/p>\n<p>Dann hatte ich einen Termin in der Grundschule. Und der ist erw\u00e4hnenswert, berichtenswert und vielleicht ist der Bericht dar\u00fcber auch lesenswert. Wir haben in unserer Schule, trotz sehr erfahrener P\u00e4dagogin, ein bisschen Probleme mit dem Sozialverhalten einiger Sch\u00fcler. Das ist insofern schmerzlich, als dass dies dann auch noch andere Sch\u00fcler betrifft. Das f\u00e4ngt schon an der Bushaltestelle an. Zum Beispiel mit schubsen oder \u00e4rgern. Wir haben dann zuhause das Problem, dass wir uns das dumme Verhalten wieder abtrainieren m\u00fcssen. Das ist manchmal oberm\u00fchsam. Ich hatte dann mal im Elterngespr\u00e4ch das Wort <em>Deeskalationstraining<\/em> fallen lassen. Die Lehrerin und ich sa\u00dfen bei einem Glas Apfelsaft zusammen und haben uns angeregt unterhalten. Ich bin wirklich dankbar, dass wir eine so verst\u00e4ndige und interessierte und engagierte Lehrerin haben. Sie sagte mir, dass sie daran auch schon gedacht h\u00e4tte. Es gibt aber ein Problem. Und jetzt Achtung &#8230; Bodo h\u00f6rt auch zu &#8230; Sie sagte mir, dass es ein Finanzierungsproblem gibt. Mir zog es fast den Stuhl unter dem Popo weg. Hallo??? Da sind Kinder. Die haben ein nicht selbst verschuldetes Problem mit ihrem Sozialverhalten. Sie haben ein Potential; n\u00e4mlich genau dieses Sozialverhalten zu lernen, zu \u00fcben, sich anzueignen. Und es gibt f\u00fcr die Schule keine M\u00f6glichkeit sich da professionell helfen zu lassen? Ich habe das erstmal einfach nicht geglaubt. Es geht um unsere Kinder. Unter bestimmten Einfl\u00fcssen ist kein normaler Unterricht mehr m\u00f6glich. Und da sagt jetzt das Land als Tr\u00e4ger der Schule: keine Kohle! Das muss man sich auf der Zunge zergehen lassen. Wie weit sind wir denn herunter gekommen? F\u00fcr jeden Mist ist in diesem Staat Geld im \u00dcberfluss da. In einem Mautdesaster werden mal eben schnell ein paar Millionen verlocht. Die Bundeswehr leistet sich einen irrsinnigen und teuren Beraterstab. Die EU versch\u00fcttet das Geld in was f\u00fcr kuriose Projekte auch immer &#8230; An den Sch\u00fclern wird gespart. Ich habe dann zugesichert, dass ich mich um die Finanzierung k\u00fcmmern will. Heute dann war in der Schule das Gespr\u00e4ch mit zwei Mitarbeitern von Kinder- und Jugendhilfe Verbund MV aus Schwerin, um mit der Lehrerin \u00fcber den Bedarf zu sprechen. Ich war auch eingeladen, was mich sehr gefreut hat. Sie sprachen \u00fcber praktische Erfahrungen und dar\u00fcber, dass sie ein individuelles Konzept erstellen. Es gibt verschiedene M\u00f6glichkeiten. Man kann \u00fcber einen l\u00e4ngeren Zeitraum einige kurze Einheiten machen oder man kann sich auf wenige Tage mit langen Einheiten konzentrieren. Die Kundenpositionen waren recht schnell gekl\u00e4rt. Die Lehrerin m\u00f6chte gerne einen halbwegs ungest\u00f6rten Unterricht machen und auch in der Pause nicht st\u00e4ndig, ununterbrochen Aufpasser machen m\u00fcssen. Ich habe in etwa folgendes gesagt: Sozialkompetenz ist eine der allerwichtigsten Kompetenzen im Leben. Man kann dies in einem gewissen Alter lernen. Irgendwann ist Schluss. Englisch, Deutsch und rechnen kann man sein Leben lang lernen. Sozialkompetenz ist eine Kompetenz, die man in allen, allen, allen Lebensbereichen braucht. Fangen wir mal da an, wo im Moment bei uns der Schuh am meisten dr\u00fcckt: in Ehe und Familie. Leider wird uns da das Programm der Schule wenig helfen. Aber es zeigt sich hier auch nochmal: es ist wichtig, dass die Menschen mit den Affenbrotb\u00e4umen umgehen k\u00f6nnen. Gute und schlechte Sprossen unterscheiden k\u00f6nnen. Und die schlechten ausrei\u00dfen &#8230; Man braucht Sozialkompetenz in allen Arbeitsfeldern. In den einfacheren Jobs muss man gut mit dem Chef umgehen k\u00f6nnen. Vielleicht zahlt er ja auch einen Euro mehr, wenn er merkt: mein Mitarbeiter ist sozial kompetent. Das gilt auf allen Hierarchien. Also Kollegen im Team untereinander. Auch das Verhalten nach oben oder nach unten. Die meisten Chefs sind nicht sozialkompetent. Mit den Nachbarn, in Vereinen &#8230; es gibt keinen Lebensbereich, in dem ein sozial kompetenter Mensch nicht Vorteile h\u00e4tte. Und, ganz wichtig, die Gesellschaft auch einen Vorteil davon hat, dass Menschen sozial kompetent sind. Wir haben in den Schulen keine gewachsenen, keine familialen Gemeinschaften sondern wir haben funktionale Gemeinschaften. Da f\u00e4llt eine mangelnde Sozialkompetenz noch mehr auf bzw. richtet noch weiteren Schaden an, da schlechtes Verhalten durchaus ansteckend ist.<br \/>\nSie wollen sich Gedanken machen und in K\u00fcrze ein Konzept schicken. Im Rausgehen sagten sie dann noch, wie wichtig genau die pr\u00e4ventive Arbeit ist und wie massiv in den letzten Jahren die Probleme in den Familien zugenommen haben &#8211; quer durch alle sozialen Schichten.<\/p>\n<p>Als ich vom Gespr\u00e4ch aus der Schule zur\u00fcck gekommen bin, habe ich Samson davon erz\u00e4hlt. Er sagte: ich habe noch 30 Euro &#8211; die kann ich dazu geben. \u00c4\u00e4\u00e4\u00e4\u00e4h Moment mal &#8211; habe ich etwas von mangelnder Sozialkompetenz von Kindern gesagt?<\/p>\n<p>Auf dem Weg in die Musikschule frage ich, ob wir noch was einkaufen wollen und was wir denn heute abend essen wollen. Nein, meinten die Kinder. Wir m\u00fcssen nichts einkaufen. Irgendwie kam es dann dahin, dass ein Kind was mit DOCH anfing, woraufhin ich sagte, dass man DOCH nicht essen kann. Jonathan: <em>doch<\/em>! Gut, sage ich, dann kannst Du uns ja heute zum Abendessen DOCH kochen. Jungs machen sich einfach manchmal einen Spa\u00df miteinander. Hmmm &#8211; er h\u00e4tte das Rezept f\u00fcr den DOCH Teig verloren. So sind wir also dann doch einkaufen gegangen.<\/p>\n<p><a href=\"http:\/\/tressowblog.dtp-net.de\/wp-content\/uploads\/2020\/02\/DSC_9946.jpg\"><img loading=\"lazy\" decoding=\"async\" class=\"alignnone size-full wp-image-904\" src=\"http:\/\/tressowblog.dtp-net.de\/wp-content\/uploads\/2020\/02\/DSC_9946.jpg\" alt=\"DSC_9946\" width=\"1280\" height=\"852\" srcset=\"http:\/\/tressowblog.dtp-net.de\/wp-content\/uploads\/2020\/02\/DSC_9946.jpg 1280w, http:\/\/tressowblog.dtp-net.de\/wp-content\/uploads\/2020\/02\/DSC_9946-300x200.jpg 300w, http:\/\/tressowblog.dtp-net.de\/wp-content\/uploads\/2020\/02\/DSC_9946-1024x682.jpg 1024w, http:\/\/tressowblog.dtp-net.de\/wp-content\/uploads\/2020\/02\/DSC_9946-624x415.jpg 624w\" sizes=\"auto, (max-width: 1280px) 100vw, 1280px\" \/><\/a><\/p>\n<p>Die Wienerle &#8211; Entschuldigung &#8230; Wiener W\u00fcrstchen &#8211; werden l\u00e4ngs aufgeschnitten, damit sie sich gut biegen lassen. Dann werden sie in Bl\u00e4tterteig eingewickelt und in Form gebracht.<\/p>\n<p><a href=\"http:\/\/tressowblog.dtp-net.de\/wp-content\/uploads\/2020\/02\/DSC_9947.jpg\"><img loading=\"lazy\" decoding=\"async\" class=\"alignnone size-full wp-image-905\" src=\"http:\/\/tressowblog.dtp-net.de\/wp-content\/uploads\/2020\/02\/DSC_9947.jpg\" alt=\"DSC_9947\" width=\"1280\" height=\"852\" srcset=\"http:\/\/tressowblog.dtp-net.de\/wp-content\/uploads\/2020\/02\/DSC_9947.jpg 1280w, http:\/\/tressowblog.dtp-net.de\/wp-content\/uploads\/2020\/02\/DSC_9947-300x200.jpg 300w, http:\/\/tressowblog.dtp-net.de\/wp-content\/uploads\/2020\/02\/DSC_9947-1024x682.jpg 1024w, http:\/\/tressowblog.dtp-net.de\/wp-content\/uploads\/2020\/02\/DSC_9947-624x415.jpg 624w\" sizes=\"auto, (max-width: 1280px) 100vw, 1280px\" \/><\/a><\/p>\n<p>Ihr kennt meine Einstellung zu Backtrennpapier &#8230; Ich bin aber nicht dogmatisch. Ich wollte nicht, dass das DOCH nachher irgendwo klebt wo es nicht hin geh\u00f6rt.<\/p>\n<p><a href=\"http:\/\/tressowblog.dtp-net.de\/wp-content\/uploads\/2020\/02\/DSC_9950.jpg\"><img loading=\"lazy\" decoding=\"async\" class=\"alignnone size-full wp-image-906\" src=\"http:\/\/tressowblog.dtp-net.de\/wp-content\/uploads\/2020\/02\/DSC_9950.jpg\" alt=\"DSC_9950\" width=\"1280\" height=\"852\" srcset=\"http:\/\/tressowblog.dtp-net.de\/wp-content\/uploads\/2020\/02\/DSC_9950.jpg 1280w, http:\/\/tressowblog.dtp-net.de\/wp-content\/uploads\/2020\/02\/DSC_9950-300x200.jpg 300w, http:\/\/tressowblog.dtp-net.de\/wp-content\/uploads\/2020\/02\/DSC_9950-1024x682.jpg 1024w, http:\/\/tressowblog.dtp-net.de\/wp-content\/uploads\/2020\/02\/DSC_9950-624x415.jpg 624w\" sizes=\"auto, (max-width: 1280px) 100vw, 1280px\" \/><\/a><\/p>\n<p>Hier ist das DOCH fertig gebacken. Es wird landestypisch mit Senf oder Ketchup gegessen. Ich komme im Moment immer mit drei und vier durcheinander. Ich sage auch mal: stelle bitte vier Teller auf den Tisch, obwohl wir keinen Besuch haben. Auch hier wieder: kein Besuch da, aber vier Buchstaben &#8230; ein OCH h\u00e4tte gereicht. Macht nichts, der vierte Buchstabe wird seinen Weg schon auch noch finden.<\/p>\n<p><a href=\"http:\/\/tressowblog.dtp-net.de\/wp-content\/uploads\/2020\/02\/DSC_9945.jpg\"><img loading=\"lazy\" decoding=\"async\" class=\"alignnone size-full wp-image-908\" src=\"http:\/\/tressowblog.dtp-net.de\/wp-content\/uploads\/2020\/02\/DSC_9945.jpg\" alt=\"DSC_9945\" width=\"1280\" height=\"852\" srcset=\"http:\/\/tressowblog.dtp-net.de\/wp-content\/uploads\/2020\/02\/DSC_9945.jpg 1280w, http:\/\/tressowblog.dtp-net.de\/wp-content\/uploads\/2020\/02\/DSC_9945-300x200.jpg 300w, http:\/\/tressowblog.dtp-net.de\/wp-content\/uploads\/2020\/02\/DSC_9945-1024x682.jpg 1024w, http:\/\/tressowblog.dtp-net.de\/wp-content\/uploads\/2020\/02\/DSC_9945-624x415.jpg 624w\" sizes=\"auto, (max-width: 1280px) 100vw, 1280px\" \/><\/a><\/p>\n<p>Ich wollte noch ein paar Bilder und Geschichten nachliefern. Hier kommt erstmal der kuriose W\u00e4schest\u00e4nder. \u00dcber f\u00fcnf Jahre haben wir unsere W\u00e4sche auf zwei W\u00e4schest\u00e4nder meistens im Wohnzimmer getrocknet. Dem Haus mangelt ja an Wirtschaftsraum. Da wurde dann einfach zu dem klapprigen mitgebrachten St\u00e4nder noch ein\u00a0dollerer aus dem Baumarkt geholt. Ich fand das etwas entw\u00fcrdigend andauernd diese W\u00e4schest\u00e4nder im Wohnraum stehen zu haben. Ich habe mich an Italien erinnert. Dort wird auch die W\u00e4sche irgendwie aufgeh\u00e4ngt &#8211; z.B. \u00fcber die Stra\u00dfe. Dann ging es in den Baumarkt. Materialliste: gehobelte Dachlatten, W\u00e4scheleine, zwei Scharniere, drei Umlenkrollen, Zugleine. Dann noch ein paar Stunden basteln. Man braucht meistens l\u00e4nger als man denkt, irgendwann ist man dann aber doch fertig. Das Ding hat aber eine ganz besondere Eigenschaft. Die hei\u00dft ganz schlicht <em>Aus dem Auge aus dem Sinn<\/em>. Das hei\u00dft so viel, als dass die W\u00e4sche jetzt h\u00e4ngen bleibt bis &#8230; nein, nicht bis der n\u00e4chste Besuch kommt, sondern bis der n\u00e4chste eine Ladung W\u00e4sche aufh\u00e4ngen will. Also ein neues Konfliktfeld? Nein. Ich h\u00e4nge dann die W\u00e4sche einfach ab und freue mich, dass ich was sinnvolles f\u00fcr einen anderen Menschen tun kann. Ich bin der finsteren Ansicht, dass die meisten Menschen zu wenig f\u00fcreinander tun, ein bisschen zu egoistisch unterwegs sind. So ganz allt\u00e4glicher Kleinkram zum Beispiel.<\/p>\n<p><a href=\"http:\/\/tressowblog.dtp-net.de\/wp-content\/uploads\/2020\/02\/DSC_9954.jpg\"><img loading=\"lazy\" decoding=\"async\" class=\"alignnone size-full wp-image-909\" src=\"http:\/\/tressowblog.dtp-net.de\/wp-content\/uploads\/2020\/02\/DSC_9954.jpg\" alt=\"DSC_9954\" width=\"1280\" height=\"852\" srcset=\"http:\/\/tressowblog.dtp-net.de\/wp-content\/uploads\/2020\/02\/DSC_9954.jpg 1280w, http:\/\/tressowblog.dtp-net.de\/wp-content\/uploads\/2020\/02\/DSC_9954-300x200.jpg 300w, http:\/\/tressowblog.dtp-net.de\/wp-content\/uploads\/2020\/02\/DSC_9954-1024x682.jpg 1024w, http:\/\/tressowblog.dtp-net.de\/wp-content\/uploads\/2020\/02\/DSC_9954-624x415.jpg 624w\" sizes=\"auto, (max-width: 1280px) 100vw, 1280px\" \/><\/a><\/p>\n<p>Nachreichen wollte ich noch das Foto vom Nusskuchen. Und die zwei steht Kopf &#8211; ooooha, was ist denn da los. Da sollte eigentlich eine neun hin. Aber irgendwie hat im Moment keiner so recht Bock die Anzeige zu bedienen. Die zwei freut sich also schon mal auf n\u00e4chste Woche, wenn sie wieder richtig rum gedreht wird.<\/p>\n","protected":false},"excerpt":{"rendered":"<p>Heute war eigentlich ein ganz normaler Tag au\u00dfer &#8230; \ud83d\ude09 &#8211; ihr werdet vielleicht staunen, was alles an so einem ganz normalen Tag doch nicht so ganz normal ist. Zun\u00e4chst: es war Busstreik. Das war schon \u00f6fters in den letzten &#8230; <a class=\"more-link\" href=\"http:\/\/tressowblog.dtp-net.de\/?p=903\">Read More &raquo;<\/a><\/p>\n","protected":false},"author":1,"featured_media":0,"comment_status":"open","ping_status":"open","sticky":false,"template":"","format":"standard","meta":{"footnotes":""},"categories":[1],"tags":[],"class_list":["post-903","post","type-post","status-publish","format-standard","hentry","category-allgemein"],"_links":{"self":[{"href":"http:\/\/tressowblog.dtp-net.de\/index.php?rest_route=\/wp\/v2\/posts\/903","targetHints":{"allow":["GET"]}}],"collection":[{"href":"http:\/\/tressowblog.dtp-net.de\/index.php?rest_route=\/wp\/v2\/posts"}],"about":[{"href":"http:\/\/tressowblog.dtp-net.de\/index.php?rest_route=\/wp\/v2\/types\/post"}],"author":[{"embeddable":true,"href":"http:\/\/tressowblog.dtp-net.de\/index.php?rest_route=\/wp\/v2\/users\/1"}],"replies":[{"embeddable":true,"href":"http:\/\/tressowblog.dtp-net.de\/index.php?rest_route=%2Fwp%2Fv2%2Fcomments&post=903"}],"version-history":[{"count":10,"href":"http:\/\/tressowblog.dtp-net.de\/index.php?rest_route=\/wp\/v2\/posts\/903\/revisions"}],"predecessor-version":[{"id":918,"href":"http:\/\/tressowblog.dtp-net.de\/index.php?rest_route=\/wp\/v2\/posts\/903\/revisions\/918"}],"wp:attachment":[{"href":"http:\/\/tressowblog.dtp-net.de\/index.php?rest_route=%2Fwp%2Fv2%2Fmedia&parent=903"}],"wp:term":[{"taxonomy":"category","embeddable":true,"href":"http:\/\/tressowblog.dtp-net.de\/index.php?rest_route=%2Fwp%2Fv2%2Fcategories&post=903"},{"taxonomy":"post_tag","embeddable":true,"href":"http:\/\/tressowblog.dtp-net.de\/index.php?rest_route=%2Fwp%2Fv2%2Ftags&post=903"}],"curies":[{"name":"wp","href":"https:\/\/api.w.org\/{rel}","templated":true}]}}