{"id":726,"date":"2015-09-20T16:55:58","date_gmt":"2015-09-20T14:55:58","guid":{"rendered":"http:\/\/tressowblog.dtp-net.de\/?p=726"},"modified":"2015-09-20T20:13:08","modified_gmt":"2015-09-20T18:13:08","slug":"fuhrpark","status":"publish","type":"post","link":"http:\/\/tressowblog.dtp-net.de\/?p=726","title":{"rendered":"Fuhrpark"},"content":{"rendered":"<p>Wir vergr\u00f6\u00dfern unseren Fuhrpark. Damit geht unsere Umweltbilanz zwar endg\u00fcltig in Eimer, also nix mit \u00d6ko, alternativ oder gr\u00fcn oder sowas. Die Ver\u00e4nderung ist unserem angspassten Lebensstil geschuldet, der einerseits nach Individualmobilit\u00e4t verlangt und sich auch nicht so recht an den selbst gesteckten Idealen orientieren mag. Der Bus war auf die Dauer dann doch etwas gro\u00df um mit einer Person besetzt herumzufahren, andererseits wollen wir auch nicht auf die M\u00f6glichkeit verzichten mal etwas mehr Ladung oder Menschen zu transportieren. Also &#8211; wir folgen dem Trend zum Zweitwagen, die Autoindustrie darf heute mal Danke sagen.<\/p>\n<p>Neu im Stall steht ein kleiner L\u00f6we, der nun haupts\u00e4chlich werktags zwischen Tressow und Kl\u00fctz unterwegs ist, aber auch mal gerne nach Schwerin und Rostock f\u00e4hrt. Gute Fahrt! Au\u00dferdem &#8211; wir wollen das Beste draus machen, steht damit auch unseren per Bahn anreisenden G\u00e4sten ein Kraftfahrzeug zur Verf\u00fcgung. Wir verleihen den Kleinen auch. Bis zu vier Personen k\u00f6nnen damit die Gegend erkunden, Ausfl\u00fcge machen, einkaufen usw.<\/p>\n<p>Das neue Mobil habe ich in L\u00fcbeck bzw. in der N\u00e4he von L\u00fcbeck ausfindig gemacht. Einmal mehr ein Grund mal wieder in den Westen zu fahren. Dort war ich zuletzt &#8230; wartet, ich schau grade mal nach &#8230; vor fast einem Jahr. In Grevesm\u00fchlen stieg eine Gruppe einheimischer Ausfl\u00fcgler in den Zug. Das Gespr\u00e4chsthema hier: Ost und West. Wann wer zum letztenmal und wie \u00fcber die Grenze fuhr wie das fr\u00fcher war und wer an dieser Grenze wann was erlebt hat. Fr\u00fcher.<\/p>\n<p>Hier mal eine Aufstellung unserer Fahrzeuge (von klein nach gro\u00df):<\/p>\n<ul>\n<li>1 Dreirad<\/li>\n<li>1 Kindertrettraktor Marke Big John<\/li>\n<li>1 Laufrad aus Holz<\/li>\n<li>2 Kinderfahrr\u00e4der 12 Zoll Hudora<\/li>\n<li>2 Kinderfahrr\u00e4der 18 Zoll Puky<\/li>\n<li>1 Kinderfahrrad 20 Zoll \u00e4lteres Modell<\/li>\n<li>1 Damenfahrrad Stevens<\/li>\n<li>1 Herrenfahrrad Stevens<\/li>\n<li>1 Liegerad HP Speedmachine<\/li>\n<li>1 Tandem (\u00e4lteres Modell)<\/li>\n<li>1 Gartentraktor Toro<\/li>\n<li>1 Veloanh\u00e4nger Leggero<\/li>\n<li>1 Peugeot 107<\/li>\n<li>1 Ford Transit Custom<\/li>\n<\/ul>\n<p>Wenn man dann noch unsere vier\u00a0Schubkarren und drei M\u00fclltonnen mitz\u00e4hlt, so kommt man auf \u00fcber 20 Fahrzeuge. Nicht schlecht. Es w\u00fcrde uns nicht schwer fallen das ein oder andere nicht mehr gebrauchte Fahrzeug abzugeben. Allerdings &#8230; es k\u00f6nnte ja sein, dass mal Ferieng\u00e4ste kommen, deren Kinder gerne das Laufrad oder das Dreirad benutzen w\u00fcrden. Also sammeln wir weiter, auf der Wunschliste stehen noch M\u00e4hdrescher und M\u00fcllabfuhr.<\/p>\n<p>Die Tagesereignisse gehen weitestgehend spurlos an uns vor\u00fcber. Allerdings gibt es auch \u00dcberlegungen im Haus die Ferienwohnungen dem steigenden Wohnungsbedarf durch Einwanderung zur Verf\u00fcgung zu stellen. Das d\u00fcrfte ein eher schwierig umzusetzendes Projekt werden, sind wir doch auch mit der Erweiterung zur Gemeinschaft nicht weiter gekommen. Auch werden wir traumatisierten Menschen nicht wirklich eine gro\u00dfe Hilfe sein k\u00f6nnen,\u00a0wir haben keine Kenntnisse der syrischen Kultur oder Sprache und auch bei Fragen der Sozialisation k\u00f6nnen wir nur uns und einen Teil unseres Lebensraumes anbieten. Wir k\u00f6nnen den neu ankommenden Menschen also nur ein Dach im winterlich tr\u00fcben Mecklenburg bieten. Wenn aber eine Leserin oder ein Leser jemanden kennt, der Bedarf an &#8222;nur&#8220; Wohnraum in zumeist ruhiger Umgebung hat, keinen Anschluss an Infrastruktur, Gesellschaft und Stadtleben sucht und braucht, darf sie oder er sich gerne bei uns melden.<\/p>\n<p><a href=\"http:\/\/tressowblog.dtp-net.de\/wp-content\/uploads\/2015\/09\/neues-fahrzeug-DSC_5535.jpg\"><img loading=\"lazy\" decoding=\"async\" class=\"alignnone size-full wp-image-727\" src=\"http:\/\/tressowblog.dtp-net.de\/wp-content\/uploads\/2015\/09\/neues-fahrzeug-DSC_5535.jpg\" alt=\"neues-fahrzeug-DSC_5535\" width=\"1280\" height=\"852\" srcset=\"http:\/\/tressowblog.dtp-net.de\/wp-content\/uploads\/2015\/09\/neues-fahrzeug-DSC_5535.jpg 1280w, http:\/\/tressowblog.dtp-net.de\/wp-content\/uploads\/2015\/09\/neues-fahrzeug-DSC_5535-300x200.jpg 300w, http:\/\/tressowblog.dtp-net.de\/wp-content\/uploads\/2015\/09\/neues-fahrzeug-DSC_5535-1024x682.jpg 1024w, http:\/\/tressowblog.dtp-net.de\/wp-content\/uploads\/2015\/09\/neues-fahrzeug-DSC_5535-624x415.jpg 624w\" sizes=\"auto, (max-width: 1280px) 100vw, 1280px\" \/><\/a> <a href=\"http:\/\/tressowblog.dtp-net.de\/wp-content\/uploads\/2015\/09\/teil-vom-fuhrpark-DSC_5533.jpg\"><img loading=\"lazy\" decoding=\"async\" class=\"alignnone size-full wp-image-728\" src=\"http:\/\/tressowblog.dtp-net.de\/wp-content\/uploads\/2015\/09\/teil-vom-fuhrpark-DSC_5533.jpg\" alt=\"teil-vom-fuhrpark-DSC_5533\" width=\"1280\" height=\"852\" srcset=\"http:\/\/tressowblog.dtp-net.de\/wp-content\/uploads\/2015\/09\/teil-vom-fuhrpark-DSC_5533.jpg 1280w, http:\/\/tressowblog.dtp-net.de\/wp-content\/uploads\/2015\/09\/teil-vom-fuhrpark-DSC_5533-300x200.jpg 300w, http:\/\/tressowblog.dtp-net.de\/wp-content\/uploads\/2015\/09\/teil-vom-fuhrpark-DSC_5533-1024x682.jpg 1024w, http:\/\/tressowblog.dtp-net.de\/wp-content\/uploads\/2015\/09\/teil-vom-fuhrpark-DSC_5533-624x415.jpg 624w\" sizes=\"auto, (max-width: 1280px) 100vw, 1280px\" \/><\/a><\/p>\n","protected":false},"excerpt":{"rendered":"<p>Wir vergr\u00f6\u00dfern unseren Fuhrpark. Damit geht unsere Umweltbilanz zwar endg\u00fcltig in Eimer, also nix mit \u00d6ko, alternativ oder gr\u00fcn oder sowas. Die Ver\u00e4nderung ist unserem angspassten Lebensstil geschuldet, der einerseits nach Individualmobilit\u00e4t verlangt und sich auch nicht so recht an &#8230; <a class=\"more-link\" href=\"http:\/\/tressowblog.dtp-net.de\/?p=726\">Read More &raquo;<\/a><\/p>\n","protected":false},"author":1,"featured_media":0,"comment_status":"open","ping_status":"open","sticky":false,"template":"","format":"standard","meta":{"footnotes":""},"categories":[1],"tags":[],"class_list":["post-726","post","type-post","status-publish","format-standard","hentry","category-allgemein"],"_links":{"self":[{"href":"http:\/\/tressowblog.dtp-net.de\/index.php?rest_route=\/wp\/v2\/posts\/726","targetHints":{"allow":["GET"]}}],"collection":[{"href":"http:\/\/tressowblog.dtp-net.de\/index.php?rest_route=\/wp\/v2\/posts"}],"about":[{"href":"http:\/\/tressowblog.dtp-net.de\/index.php?rest_route=\/wp\/v2\/types\/post"}],"author":[{"embeddable":true,"href":"http:\/\/tressowblog.dtp-net.de\/index.php?rest_route=\/wp\/v2\/users\/1"}],"replies":[{"embeddable":true,"href":"http:\/\/tressowblog.dtp-net.de\/index.php?rest_route=%2Fwp%2Fv2%2Fcomments&post=726"}],"version-history":[{"count":5,"href":"http:\/\/tressowblog.dtp-net.de\/index.php?rest_route=\/wp\/v2\/posts\/726\/revisions"}],"predecessor-version":[{"id":733,"href":"http:\/\/tressowblog.dtp-net.de\/index.php?rest_route=\/wp\/v2\/posts\/726\/revisions\/733"}],"wp:attachment":[{"href":"http:\/\/tressowblog.dtp-net.de\/index.php?rest_route=%2Fwp%2Fv2%2Fmedia&parent=726"}],"wp:term":[{"taxonomy":"category","embeddable":true,"href":"http:\/\/tressowblog.dtp-net.de\/index.php?rest_route=%2Fwp%2Fv2%2Fcategories&post=726"},{"taxonomy":"post_tag","embeddable":true,"href":"http:\/\/tressowblog.dtp-net.de\/index.php?rest_route=%2Fwp%2Fv2%2Ftags&post=726"}],"curies":[{"name":"wp","href":"https:\/\/api.w.org\/{rel}","templated":true}]}}