{"id":624,"date":"2015-06-13T22:23:21","date_gmt":"2015-06-13T20:23:21","guid":{"rendered":"http:\/\/tressowblog.dtp-net.de\/?p=624"},"modified":"2015-06-14T16:02:34","modified_gmt":"2015-06-14T14:02:34","slug":"2-wochen-spaeter","status":"publish","type":"post","link":"http:\/\/tressowblog.dtp-net.de\/?p=624","title":{"rendered":"2 Wochen sp\u00e4ter &#8230;"},"content":{"rendered":"<p>Huii &#8211; schon so lange nicht mehr geschrieben &#8230; &#8211; also &#8211; das muss wohl der Sommer sein. P\u00fcnktlich zum Ferienstart in Mecklenburg-Vorpommern erleben wir die ersten Sommertage mit Temperaturen \u00fcber 20\u00b0C. M\u00f6glicherweise komme ich deswegen nicht mehr so recht dazu die Ereignisse zu dokumentieren. Apropos dokumentieren. Hier muss ich nun doch einmal den Zustand unserer Fenster und Gesimse dokumentieren. Ich muss es jeden Tag ansehen, doch wirkliche Abhilfe ist noch fern. Der Lack der Fenster hat sich durch die Witterung teilweise vollst\u00e4ndig &#8222;aufgel\u00f6st&#8220;. Zun\u00e4chst sind es ganz kleine Haarrisse, die durch die Sonne und Holzt\u00e4tigkeit entstehen, dann kommt Regen, Wasser und Frost. Und so geht es fort. Es hilft nun einzig, den ganzen Pfusch bis aufs Holz runter zu schleifen und dann eine ordentliche Grundierung zu machen und mindestens zwei Schichten Lack aufzubringen. Dar\u00fcber werde ich dann auch noch weiter berichten &#8230;<\/p>\n<p><a href=\"http:\/\/tressowblog.dtp-net.de\/wp-content\/uploads\/2015\/06\/fensterzustand_DSC_4803.jpg\"><img loading=\"lazy\" decoding=\"async\" class=\"alignnone size-full wp-image-625\" src=\"http:\/\/tressowblog.dtp-net.de\/wp-content\/uploads\/2015\/06\/fensterzustand_DSC_4803.jpg\" alt=\"fensterzustand_DSC_4803\" width=\"1280\" height=\"852\" srcset=\"http:\/\/tressowblog.dtp-net.de\/wp-content\/uploads\/2015\/06\/fensterzustand_DSC_4803.jpg 1280w, http:\/\/tressowblog.dtp-net.de\/wp-content\/uploads\/2015\/06\/fensterzustand_DSC_4803-300x199.jpg 300w, http:\/\/tressowblog.dtp-net.de\/wp-content\/uploads\/2015\/06\/fensterzustand_DSC_4803-1024x681.jpg 1024w, http:\/\/tressowblog.dtp-net.de\/wp-content\/uploads\/2015\/06\/fensterzustand_DSC_4803-624x415.jpg 624w\" sizes=\"auto, (max-width: 1280px) 100vw, 1280px\" \/><\/a><\/p>\n<p>Den Gartentisch habe ich euch auch noch nicht fertig gezeigt. Der Grund hierf\u00fcr ist, dass er noch gar nicht so lang im Einsatz ist. Eingeweiht wurde er erst am vergangenen Wochenende, als wir Besuch aus Schwerin hatten.<\/p>\n<p><a href=\"http:\/\/tressowblog.dtp-net.de\/wp-content\/uploads\/2015\/06\/gartentisch_DSC_4838.jpg\"><img loading=\"lazy\" decoding=\"async\" class=\"alignnone size-full wp-image-626\" src=\"http:\/\/tressowblog.dtp-net.de\/wp-content\/uploads\/2015\/06\/gartentisch_DSC_4838.jpg\" alt=\"gartentisch_DSC_4838\" width=\"1280\" height=\"852\" srcset=\"http:\/\/tressowblog.dtp-net.de\/wp-content\/uploads\/2015\/06\/gartentisch_DSC_4838.jpg 1280w, http:\/\/tressowblog.dtp-net.de\/wp-content\/uploads\/2015\/06\/gartentisch_DSC_4838-300x199.jpg 300w, http:\/\/tressowblog.dtp-net.de\/wp-content\/uploads\/2015\/06\/gartentisch_DSC_4838-1024x681.jpg 1024w, http:\/\/tressowblog.dtp-net.de\/wp-content\/uploads\/2015\/06\/gartentisch_DSC_4838-624x415.jpg 624w\" sizes=\"auto, (max-width: 1280px) 100vw, 1280px\" \/><\/a><\/p>\n<p>Wer \u00fcbrigens die Anschaffung eines Gartentisches plant und wem ein Tisch aus L\u00e4rchenholz gefallen w\u00fcrde, darf sich gerne mal melden. Ich schreibe jetzt mit Flei\u00df nicht, dass ich so einen Tisch gegen eine entsprechende Kostenerstattung bauen w\u00fcrde, da ich sonst ruckzuck irgendwelche Gewerbefuzzis und Berufsgenossenschaftsfuzzis und sonstwas auf dem Hals h\u00e4tte, die eine Staubabsaugung, einen Meisterbrief und eine Gewerbeanmeldung und was wei\u00df ich was fordern w\u00fcrden. Ich sag mal &#8230; wir w\u00fcrden unseren Tisch auch gebraucht verkaufen &#8211; oder so \u00e4hnlich.<\/p>\n<p>Ich habe ein neues Fotomotiv entdeckt &#8211; ganz in unserer N\u00e4he. Ich bin schonmal auf Motivsuche f\u00fcr den Kalender 2017. Vom Kalender 2016 darf ich noch nicht berichten, denn die Pressekonferenz findet erst am Donnerstag statt.<\/p>\n<p><a href=\"http:\/\/tressowblog.dtp-net.de\/wp-content\/uploads\/2015\/06\/neues_fotomodell_DSC_4808-1.jpg\"><img loading=\"lazy\" decoding=\"async\" class=\"alignnone size-full wp-image-627\" src=\"http:\/\/tressowblog.dtp-net.de\/wp-content\/uploads\/2015\/06\/neues_fotomodell_DSC_4808-1.jpg\" alt=\"neues_fotomodell_DSC_4808-1\" width=\"1280\" height=\"852\" srcset=\"http:\/\/tressowblog.dtp-net.de\/wp-content\/uploads\/2015\/06\/neues_fotomodell_DSC_4808-1.jpg 1280w, http:\/\/tressowblog.dtp-net.de\/wp-content\/uploads\/2015\/06\/neues_fotomodell_DSC_4808-1-300x199.jpg 300w, http:\/\/tressowblog.dtp-net.de\/wp-content\/uploads\/2015\/06\/neues_fotomodell_DSC_4808-1-1024x681.jpg 1024w, http:\/\/tressowblog.dtp-net.de\/wp-content\/uploads\/2015\/06\/neues_fotomodell_DSC_4808-1-624x415.jpg 624w\" sizes=\"auto, (max-width: 1280px) 100vw, 1280px\" \/><\/a><\/p>\n<p>Aus welchem Anlass auch immer &#8230; waren wir vorletzte\u00a0Woche in Drispeth und in Wiligrad. Zwei wundersch\u00f6ne Orte, die wir unseren Ferieng\u00e4sten sehr empfehlen k\u00f6nnen. Hier der Blick auf den Schweriner See vom Ufer bei Wiligrad. Am Ufer entlang f\u00fchrt ein sch\u00f6ner Wanderweg. Auch der Radweg von Schwerin nach Wismar f\u00fchrt am Schweriner See entlang und durch Wiligrad. Der Weg in die andere Richtung \u00fcbrigens auch.<\/p>\n<p><a href=\"http:\/\/tressowblog.dtp-net.de\/wp-content\/uploads\/2015\/06\/schweriner-see_DSC_4795.jpg\"><img loading=\"lazy\" decoding=\"async\" class=\"alignnone size-full wp-image-628\" src=\"http:\/\/tressowblog.dtp-net.de\/wp-content\/uploads\/2015\/06\/schweriner-see_DSC_4795.jpg\" alt=\"schweriner-see_DSC_4795\" width=\"1280\" height=\"852\" srcset=\"http:\/\/tressowblog.dtp-net.de\/wp-content\/uploads\/2015\/06\/schweriner-see_DSC_4795.jpg 1280w, http:\/\/tressowblog.dtp-net.de\/wp-content\/uploads\/2015\/06\/schweriner-see_DSC_4795-300x199.jpg 300w, http:\/\/tressowblog.dtp-net.de\/wp-content\/uploads\/2015\/06\/schweriner-see_DSC_4795-1024x681.jpg 1024w, http:\/\/tressowblog.dtp-net.de\/wp-content\/uploads\/2015\/06\/schweriner-see_DSC_4795-624x415.jpg 624w\" sizes=\"auto, (max-width: 1280px) 100vw, 1280px\" \/><\/a><\/p>\n<p>Der Marstall.<\/p>\n<p><a href=\"http:\/\/tressowblog.dtp-net.de\/wp-content\/uploads\/2015\/06\/wiligrad_DSC_4790.jpg\"><img loading=\"lazy\" decoding=\"async\" class=\"alignnone size-full wp-image-629\" src=\"http:\/\/tressowblog.dtp-net.de\/wp-content\/uploads\/2015\/06\/wiligrad_DSC_4790.jpg\" alt=\"wiligrad_DSC_4790\" width=\"1280\" height=\"852\" srcset=\"http:\/\/tressowblog.dtp-net.de\/wp-content\/uploads\/2015\/06\/wiligrad_DSC_4790.jpg 1280w, http:\/\/tressowblog.dtp-net.de\/wp-content\/uploads\/2015\/06\/wiligrad_DSC_4790-300x199.jpg 300w, http:\/\/tressowblog.dtp-net.de\/wp-content\/uploads\/2015\/06\/wiligrad_DSC_4790-1024x681.jpg 1024w, http:\/\/tressowblog.dtp-net.de\/wp-content\/uploads\/2015\/06\/wiligrad_DSC_4790-624x415.jpg 624w\" sizes=\"auto, (max-width: 1280px) 100vw, 1280px\" \/><\/a><\/p>\n<p>Seit 1991 ist Schloss Wiligrad der Sitz des Landesamt f\u00fcr Kultur- und Denkmalpflege des Landes Mecklenburg-Vorpommern. Dementsprechend schick ist auch der Zustand der ganzen Anlage.<\/p>\n<p><a href=\"http:\/\/tressowblog.dtp-net.de\/wp-content\/uploads\/2015\/06\/wiligrad_DSC_4793.jpg\"><img loading=\"lazy\" decoding=\"async\" class=\"alignnone size-full wp-image-630\" src=\"http:\/\/tressowblog.dtp-net.de\/wp-content\/uploads\/2015\/06\/wiligrad_DSC_4793.jpg\" alt=\"wiligrad_DSC_4793\" width=\"1280\" height=\"852\" srcset=\"http:\/\/tressowblog.dtp-net.de\/wp-content\/uploads\/2015\/06\/wiligrad_DSC_4793.jpg 1280w, http:\/\/tressowblog.dtp-net.de\/wp-content\/uploads\/2015\/06\/wiligrad_DSC_4793-300x199.jpg 300w, http:\/\/tressowblog.dtp-net.de\/wp-content\/uploads\/2015\/06\/wiligrad_DSC_4793-1024x681.jpg 1024w, http:\/\/tressowblog.dtp-net.de\/wp-content\/uploads\/2015\/06\/wiligrad_DSC_4793-624x415.jpg 624w\" sizes=\"auto, (max-width: 1280px) 100vw, 1280px\" \/><\/a><\/p>\n<p>Die Heizung &#8230; genau. Die Heizung. Ist in Betrieb, besser gesagt nur ein Teil der Heizung. Die \u00d6lheizung ist abgeschaltet, die Solaranlage liefert ausreichend Hei\u00dfwasser. Ansonsten erspare ich euch die Geschichte \u00fcber die Heizung. Sie entspricht vielleicht dem Mecklenburger Standard. &#8222;Die \u00d6lkosten m\u00fcssen eben bezahlt werden. Wenn meine Frau sagt es ist zu kalt, dann drehe ich die Heizung auf.&#8220; &#8211; so \u00e4hnlich \u00e4u\u00dferte sich der Techniker der Firma Wolf auf die Frage, ob in den Einstellungen noch Potential zur Optimierung und Energieeinsparung liegen. Zu gut deutsch: der Typ hat schlicht seinen Job verfehlt. Gelernt habe ich, dass so eine Heizung einen Haufen Experten ben\u00f6tigt: da ist zun\u00e4chst der Schornsteinfeger, der sagt, ob \u00fcberhaupt eine neue Heizung dort hingebaut werden darf. Dann braucht es einen Experten &#8211; m\u00f6glichst mit schickem schwarzlackiertem oder wei\u00dflackiertem Gel\u00e4ndewagen mit Lederausstattung, der das Ding verkauft. Es gibt auch Experten, die mit rostigen Autos umherfahren, die konnten aber nicht \u00fcberzeugen, dass sie das Projekt auch wirklich umsetzen k\u00f6nnen. Leider. Dann braucht es die Experten des Gro\u00dfh\u00e4ndlers, die die Anlage planen und die ben\u00f6tigten Teile und Preise sch\u00f6n zusammenstellen. Dann braucht es die Experten, die die sanit\u00e4re Installation vollf\u00fchren und es braucht die Experten, die die elektrische Installation vollf\u00fchren. Dann braucht es wiederum einen Experten, der einen Teil der fehlerhaften Installation findet und korrigieren l\u00e4sst und die Anlage mehr oder weniger gekonnt in Betrieb nimmt. Als letzten Experten braucht es den Schornsteinfeger, der sagt, dass alles gut gemacht wurde und so auch betrieben werden darf. Der eine Experte wei\u00df vom Fachbereich des anderen Experten m\u00f6glichst wenig, interessiert sich auch nicht sonderlich daf\u00fcr und redet auch nur das notwendigste mit ihm. Bei der Umsetzung unseres Heizungsprojektes hat mir ein Experte gefehlt: der \u00fcber alles den \u00dcberblick bewahrt und im rechten Moment eingreift, die ganze Anlage kapiert, Fehler erkennt und beseitigen l\u00e4sst und letztenendes auch f\u00fcr den Pfusch geradesteht. Alle Experten sind liebe Leute und machen ihren Job nicht einmal schlecht. So eine Heizungsanlage ist aber ein komplexes Ding, da ist es bl\u00f6d, wenn der Elektriker irgendwie einen schlechten Tag hat und alles falschrum anklemmt &#8211; nur so als Beispiel.<\/p>\n<p>Ich bet\u00e4tige mich hin und wieder auch als Experte. Zum Beispiel als Experte f\u00fcr den Bau von Fliegengittern. Die sind notwendig, wenn man direkt an einem See wohnt. Oder besser gesagt sinnvoll. Aber wie macht man Fliegengitter an nach au\u00dfen \u00f6ffnende Fenster? Genau &#8211; daf\u00fcr braucht man dann einen Experten. Da alle Fenster in unserem Haus die gleichen Ma\u00dfe haben, muss ich auch nur einmal messen. Daraufhin bastle ich sechs Fliegengitter. Ein Teil wird gleich mal im Obergeschoss montiert. Als es w\u00e4rmer wurde, wollte ich ein Fliegengitter im Erdgeschoss dran montieren. Aber &#8211; ooohweeh &#8230;: zu kurz. Nein, wir haben zwei verschiedene Fensterma\u00dfe. Die Fenster im EG sind um etwa 10 cm h\u00f6her. Experten eben &#8230; Nun haben wir wenigstens genug Fliegengitter f\u00fcrs OG, die f\u00fcrs EG m\u00fcssen noch gemacht werden. Wer die Anschaffung von Fliegengittern f\u00fcr nach au\u00dfen \u00f6ffnende Fenster plant &#8230; (Text von oben).<\/p>\n","protected":false},"excerpt":{"rendered":"<p>Huii &#8211; schon so lange nicht mehr geschrieben &#8230; &#8211; also &#8211; das muss wohl der Sommer sein. P\u00fcnktlich zum Ferienstart in Mecklenburg-Vorpommern erleben wir die ersten Sommertage mit Temperaturen \u00fcber 20\u00b0C. M\u00f6glicherweise komme ich deswegen nicht mehr so recht &#8230; <a class=\"more-link\" href=\"http:\/\/tressowblog.dtp-net.de\/?p=624\">Read More &raquo;<\/a><\/p>\n","protected":false},"author":1,"featured_media":0,"comment_status":"open","ping_status":"open","sticky":false,"template":"","format":"standard","meta":{"footnotes":""},"categories":[1],"tags":[],"class_list":["post-624","post","type-post","status-publish","format-standard","hentry","category-allgemein"],"_links":{"self":[{"href":"http:\/\/tressowblog.dtp-net.de\/index.php?rest_route=\/wp\/v2\/posts\/624","targetHints":{"allow":["GET"]}}],"collection":[{"href":"http:\/\/tressowblog.dtp-net.de\/index.php?rest_route=\/wp\/v2\/posts"}],"about":[{"href":"http:\/\/tressowblog.dtp-net.de\/index.php?rest_route=\/wp\/v2\/types\/post"}],"author":[{"embeddable":true,"href":"http:\/\/tressowblog.dtp-net.de\/index.php?rest_route=\/wp\/v2\/users\/1"}],"replies":[{"embeddable":true,"href":"http:\/\/tressowblog.dtp-net.de\/index.php?rest_route=%2Fwp%2Fv2%2Fcomments&post=624"}],"version-history":[{"count":4,"href":"http:\/\/tressowblog.dtp-net.de\/index.php?rest_route=\/wp\/v2\/posts\/624\/revisions"}],"predecessor-version":[{"id":634,"href":"http:\/\/tressowblog.dtp-net.de\/index.php?rest_route=\/wp\/v2\/posts\/624\/revisions\/634"}],"wp:attachment":[{"href":"http:\/\/tressowblog.dtp-net.de\/index.php?rest_route=%2Fwp%2Fv2%2Fmedia&parent=624"}],"wp:term":[{"taxonomy":"category","embeddable":true,"href":"http:\/\/tressowblog.dtp-net.de\/index.php?rest_route=%2Fwp%2Fv2%2Fcategories&post=624"},{"taxonomy":"post_tag","embeddable":true,"href":"http:\/\/tressowblog.dtp-net.de\/index.php?rest_route=%2Fwp%2Fv2%2Ftags&post=624"}],"curies":[{"name":"wp","href":"https:\/\/api.w.org\/{rel}","templated":true}]}}