{"id":491,"date":"2015-03-25T22:04:43","date_gmt":"2015-03-25T20:04:43","guid":{"rendered":"http:\/\/tressowblog.dtp-net.de\/?p=491"},"modified":"2015-03-27T09:37:16","modified_gmt":"2015-03-27T07:37:16","slug":"milchverkostung-2","status":"publish","type":"post","link":"http:\/\/tressowblog.dtp-net.de\/?p=491","title":{"rendered":"Milchverkostung"},"content":{"rendered":"<p>Die Sache mit der Telekom hat sich zum Teil gekl\u00e4rt. Die Telekom hat den Datenvertrag unb\u00fcrokratisch aufgel\u00f6st. Danke Telekom! &#8211; Schade, dass wir nicht l\u00e4nger zusammen bleiben konnten. Die Teilkl\u00e4rung kommt deswegen zustande, weil wir ja noch einen Festnetzvertrag haben, um dessen Aufl\u00f6sung ich mich weiterhin bem\u00fche &#8211; ich werde nochmal berichten.<\/p>\n<p>Am vergangenen Sonntag war hier Milchtag &#8211; wir hatten eingeladen. Hierf\u00fcr wurden nicht nur die Fenster und der Fu\u00dfboden geputzt, es wurde heftig aufger\u00e4umt, der Tisch gedeckt und wir waren mal wieder ganz aufgeregt. Wie man auf dem Bild sieht, ist es noch eine halbe Stunde bis zwei Uhr. Es kamen dann doch immerhin mehr als\u00a0zehn Menschen aus der Nachbarschaft. Vorbereitet hatte ich ein Blatt mit wissenswerten Fakten \u00fcber Rohmilch, f\u00fcr die Kinder ein Malblatt und die \u00fcblichen Werbeunterlagen. Es wurde ein sehr sch\u00f6ner Nachmittag. Gomin brachte noch Joghurt und Quark zur Verkostung. Kuchen hatten wir ohne Ende. Am Tag zuvor haben Samson und Jonathan schon flei\u00dfig gebacken und die Nachbarn steuerten auch noch mehrere Kuchen bei.<\/p>\n<p><img loading=\"lazy\" decoding=\"async\" class=\"alignnone size-full wp-image-492\" src=\"http:\/\/tressowblog.dtp-net.de\/wp-content\/uploads\/2015\/03\/alles-sauber-DSC_4181.jpg\" alt=\"alles-sauber-DSC_4181\" width=\"1200\" height=\"798\" srcset=\"http:\/\/tressowblog.dtp-net.de\/wp-content\/uploads\/2015\/03\/alles-sauber-DSC_4181.jpg 1200w, http:\/\/tressowblog.dtp-net.de\/wp-content\/uploads\/2015\/03\/alles-sauber-DSC_4181-300x199.jpg 300w, http:\/\/tressowblog.dtp-net.de\/wp-content\/uploads\/2015\/03\/alles-sauber-DSC_4181-1024x680.jpg 1024w, http:\/\/tressowblog.dtp-net.de\/wp-content\/uploads\/2015\/03\/alles-sauber-DSC_4181-624x414.jpg 624w\" sizes=\"auto, (max-width: 1200px) 100vw, 1200px\" \/><\/p>\n<p><img loading=\"lazy\" decoding=\"async\" class=\"alignnone size-full wp-image-498\" src=\"http:\/\/tressowblog.dtp-net.de\/wp-content\/uploads\/2015\/03\/werbeunterlagen-DSC_4186.jpg\" alt=\"werbeunterlagen-DSC_4186\" width=\"1200\" height=\"798\" srcset=\"http:\/\/tressowblog.dtp-net.de\/wp-content\/uploads\/2015\/03\/werbeunterlagen-DSC_4186.jpg 1200w, http:\/\/tressowblog.dtp-net.de\/wp-content\/uploads\/2015\/03\/werbeunterlagen-DSC_4186-300x199.jpg 300w, http:\/\/tressowblog.dtp-net.de\/wp-content\/uploads\/2015\/03\/werbeunterlagen-DSC_4186-1024x680.jpg 1024w, http:\/\/tressowblog.dtp-net.de\/wp-content\/uploads\/2015\/03\/werbeunterlagen-DSC_4186-624x414.jpg 624w\" sizes=\"auto, (max-width: 1200px) 100vw, 1200px\" \/><\/p>\n<p>Die Sonne sehen wir nun auch immer \u00f6fter. Das sieht morgens manchmal ganz abenteuerlich aus, wenn sich der Himmel hinterm See f\u00e4rbt. Ich sollte dann eigentlich l\u00e4ngst mit der Kamera drau\u00dfen sein. Das geht aber nicht wirklich, da es auch die Aufstehzeit der Kinder ist. Mal sehen, vielleicht gelingt es mir ja n\u00e4chste Woche. Dennoch &#8211; wie ich dann so am Fenster stehe, sehe ich auf den B\u00e4umen wei\u00dfe Punkte. Ich habe kein so riesenlanges Objektiv, deswegen muss es erstmal mit dem 180er reichen. Es sind dort zwei Graureiher und zwei Silberreiher auf den B\u00e4umen.<\/p>\n<p><img loading=\"lazy\" decoding=\"async\" class=\"alignnone size-full wp-image-497\" src=\"http:\/\/tressowblog.dtp-net.de\/wp-content\/uploads\/2015\/03\/sonnenaufgang-DSC_4160.jpg\" alt=\"sonnenaufgang-DSC_4160\" width=\"1200\" height=\"798\" srcset=\"http:\/\/tressowblog.dtp-net.de\/wp-content\/uploads\/2015\/03\/sonnenaufgang-DSC_4160.jpg 1200w, http:\/\/tressowblog.dtp-net.de\/wp-content\/uploads\/2015\/03\/sonnenaufgang-DSC_4160-300x199.jpg 300w, http:\/\/tressowblog.dtp-net.de\/wp-content\/uploads\/2015\/03\/sonnenaufgang-DSC_4160-1024x680.jpg 1024w, http:\/\/tressowblog.dtp-net.de\/wp-content\/uploads\/2015\/03\/sonnenaufgang-DSC_4160-624x414.jpg 624w\" sizes=\"auto, (max-width: 1200px) 100vw, 1200px\" \/><\/p>\n<p><img loading=\"lazy\" decoding=\"async\" class=\"alignnone size-full wp-image-496\" src=\"http:\/\/tressowblog.dtp-net.de\/wp-content\/uploads\/2015\/03\/reiher-DSC_4162.jpg\" alt=\"reiher-DSC_4162\" width=\"802\" height=\"534\" srcset=\"http:\/\/tressowblog.dtp-net.de\/wp-content\/uploads\/2015\/03\/reiher-DSC_4162.jpg 802w, http:\/\/tressowblog.dtp-net.de\/wp-content\/uploads\/2015\/03\/reiher-DSC_4162-300x199.jpg 300w, http:\/\/tressowblog.dtp-net.de\/wp-content\/uploads\/2015\/03\/reiher-DSC_4162-624x415.jpg 624w\" sizes=\"auto, (max-width: 802px) 100vw, 802px\" \/><\/p>\n<p>Der Baum wird auch immer kleiner. Derzeit sind wir auf der Suche nach einer Brennholzs\u00e4ge. Wenn jemand grade sowas rumstehen hat. Wir w\u00fcrden das Teil dann gerne k\u00e4uflich erwerben. Es hat ziemlich viele astige Holzteile dabei. Der Spa\u00dffaktor diese Teile klein zu hacken ist dann manchmal etwas begrenzt. Es kommen skurile Holzformen dabei heraus. Ich m\u00fcsste Holzschnitzer sein und aus jedem dieser lustigen Holzteile einen schmucken Kerzenst\u00e4nder schnitzen &#8211; 50 Euro das St\u00fcck &#8230;<\/p>\n<p><img loading=\"lazy\" decoding=\"async\" class=\"alignnone size-full wp-image-493\" src=\"http:\/\/tressowblog.dtp-net.de\/wp-content\/uploads\/2015\/03\/holzhaufen-DSC_4166.jpg\" alt=\"holzhaufen-DSC_4166\" width=\"1200\" height=\"798\" srcset=\"http:\/\/tressowblog.dtp-net.de\/wp-content\/uploads\/2015\/03\/holzhaufen-DSC_4166.jpg 1200w, http:\/\/tressowblog.dtp-net.de\/wp-content\/uploads\/2015\/03\/holzhaufen-DSC_4166-300x199.jpg 300w, http:\/\/tressowblog.dtp-net.de\/wp-content\/uploads\/2015\/03\/holzhaufen-DSC_4166-1024x680.jpg 1024w, http:\/\/tressowblog.dtp-net.de\/wp-content\/uploads\/2015\/03\/holzhaufen-DSC_4166-624x414.jpg 624w\" sizes=\"auto, (max-width: 1200px) 100vw, 1200px\" \/><\/p>\n<p><img loading=\"lazy\" decoding=\"async\" class=\"alignnone size-full wp-image-494\" src=\"http:\/\/tressowblog.dtp-net.de\/wp-content\/uploads\/2015\/03\/holzklotz-DSC_4165.jpg\" alt=\"holzklotz-DSC_4165\" width=\"1200\" height=\"799\" srcset=\"http:\/\/tressowblog.dtp-net.de\/wp-content\/uploads\/2015\/03\/holzklotz-DSC_4165.jpg 1200w, http:\/\/tressowblog.dtp-net.de\/wp-content\/uploads\/2015\/03\/holzklotz-DSC_4165-300x199.jpg 300w, http:\/\/tressowblog.dtp-net.de\/wp-content\/uploads\/2015\/03\/holzklotz-DSC_4165-1024x681.jpg 1024w, http:\/\/tressowblog.dtp-net.de\/wp-content\/uploads\/2015\/03\/holzklotz-DSC_4165-624x415.jpg 624w\" sizes=\"auto, (max-width: 1200px) 100vw, 1200px\" \/><\/p>\n<p><img loading=\"lazy\" decoding=\"async\" class=\"alignnone size-full wp-image-495\" src=\"http:\/\/tressowblog.dtp-net.de\/wp-content\/uploads\/2015\/03\/holzklotz-DSC_4168.jpg\" alt=\"holzklotz-DSC_4168\" width=\"1200\" height=\"798\" srcset=\"http:\/\/tressowblog.dtp-net.de\/wp-content\/uploads\/2015\/03\/holzklotz-DSC_4168.jpg 1200w, http:\/\/tressowblog.dtp-net.de\/wp-content\/uploads\/2015\/03\/holzklotz-DSC_4168-300x199.jpg 300w, http:\/\/tressowblog.dtp-net.de\/wp-content\/uploads\/2015\/03\/holzklotz-DSC_4168-1024x680.jpg 1024w, http:\/\/tressowblog.dtp-net.de\/wp-content\/uploads\/2015\/03\/holzklotz-DSC_4168-624x414.jpg 624w\" sizes=\"auto, (max-width: 1200px) 100vw, 1200px\" \/><\/p>\n<p>Am kommenden Wochenende ist schon das n\u00e4chste Ereignis. Bei uns findet das gro\u00dfe Heringsessen statt. Mit fachkundiger Zubereitung durch\u00a0mecklenburger Hausfrauen. Und am Wochenende darauf gibt es das Osterfeuer &#8211; wir d\u00fcrfen immerhin den Strom beisteuern.<\/p>\n<p>Wir machen auch noch ein gro\u00dfes Gartenfeuer &#8211; sehr zur Freude der Kinder. Immerhin kriegen wir so den ganzen \u00c4stehaufen der Linde klein. Das ist schon irgendwie nicht schlecht, wenn man auf dem eigenen St\u00fcckchen Land ein richtiges Feuer machen kann. D\u00fcrfen wir aber nur im M\u00e4rz und im Oktober machen.<\/p>\n","protected":false},"excerpt":{"rendered":"<p>Die Sache mit der Telekom hat sich zum Teil gekl\u00e4rt. Die Telekom hat den Datenvertrag unb\u00fcrokratisch aufgel\u00f6st. Danke Telekom! &#8211; Schade, dass wir nicht l\u00e4nger zusammen bleiben konnten. Die Teilkl\u00e4rung kommt deswegen zustande, weil wir ja noch einen Festnetzvertrag haben, &#8230; <a class=\"more-link\" href=\"http:\/\/tressowblog.dtp-net.de\/?p=491\">Read More &raquo;<\/a><\/p>\n","protected":false},"author":1,"featured_media":0,"comment_status":"open","ping_status":"open","sticky":false,"template":"","format":"standard","meta":{"footnotes":""},"categories":[1],"tags":[],"class_list":["post-491","post","type-post","status-publish","format-standard","hentry","category-allgemein"],"_links":{"self":[{"href":"http:\/\/tressowblog.dtp-net.de\/index.php?rest_route=\/wp\/v2\/posts\/491","targetHints":{"allow":["GET"]}}],"collection":[{"href":"http:\/\/tressowblog.dtp-net.de\/index.php?rest_route=\/wp\/v2\/posts"}],"about":[{"href":"http:\/\/tressowblog.dtp-net.de\/index.php?rest_route=\/wp\/v2\/types\/post"}],"author":[{"embeddable":true,"href":"http:\/\/tressowblog.dtp-net.de\/index.php?rest_route=\/wp\/v2\/users\/1"}],"replies":[{"embeddable":true,"href":"http:\/\/tressowblog.dtp-net.de\/index.php?rest_route=%2Fwp%2Fv2%2Fcomments&post=491"}],"version-history":[{"count":3,"href":"http:\/\/tressowblog.dtp-net.de\/index.php?rest_route=\/wp\/v2\/posts\/491\/revisions"}],"predecessor-version":[{"id":502,"href":"http:\/\/tressowblog.dtp-net.de\/index.php?rest_route=\/wp\/v2\/posts\/491\/revisions\/502"}],"wp:attachment":[{"href":"http:\/\/tressowblog.dtp-net.de\/index.php?rest_route=%2Fwp%2Fv2%2Fmedia&parent=491"}],"wp:term":[{"taxonomy":"category","embeddable":true,"href":"http:\/\/tressowblog.dtp-net.de\/index.php?rest_route=%2Fwp%2Fv2%2Fcategories&post=491"},{"taxonomy":"post_tag","embeddable":true,"href":"http:\/\/tressowblog.dtp-net.de\/index.php?rest_route=%2Fwp%2Fv2%2Ftags&post=491"}],"curies":[{"name":"wp","href":"https:\/\/api.w.org\/{rel}","templated":true}]}}