{"id":450,"date":"2015-02-17T21:27:01","date_gmt":"2015-02-17T19:27:01","guid":{"rendered":"http:\/\/tressowblog.dtp-net.de\/?p=450"},"modified":"2015-02-17T21:27:01","modified_gmt":"2015-02-17T19:27:01","slug":"wer-hat-noch-urlaubsplaene","status":"publish","type":"post","link":"http:\/\/tressowblog.dtp-net.de\/?p=450","title":{"rendered":"Wer hat noch Urlaubspl\u00e4ne?"},"content":{"rendered":"<p>Hier gehen immer wieder Urlaubsbuchungen f\u00fcr den Sommer ein. Wer einen bestimmten Termin im Auge hat, sollte schnell buchen. &#8211; Auch wir haben gebucht. Nicht bei uns, nicht an der Ostsee, sondern im Schwarzwald. Waas, ihr fahrt im Sommer in den Schwarzwald? Nein, nicht im Sommer, voraussichtlich in ungef\u00e4hr einem Jahr. Der Winter hier ist ein bisschen trist und davon wollen wir ein paar Tage Urlaub haben. N\u00e4heres demn\u00e4chst. Ist ja auch noch ein bisschen Zeit.<\/p>\n<p>Auch Ostern ist noch frei. Ostern wird wundersch\u00f6n! Am besten gleich hier <a href=\"http:\/\/ferien-am-tressower-see.de\/anfrage-und-buchung.html\" target=\"_blank\">buchen<\/a>.<\/p>\n<p>Nachdem offensichtlich der Sturm unsere Satellitenantenne deutlich verdreht hat, war ich mit dem Satellitenfinder auf der Suche nach der korrekten Position. Das hat nicht funktioniert. Ich habe dann wieder das Internet zu Hilfe genommen. Dort habe ich gelesen, dass der Satellit um 11.56 Uhr in Sonnenrichtung zu finden ist. Am n\u00e4chsten Tag, an dem um 11.56 Uhr die Sonne geschienen hat, bin ich also raus und habe die Antenne auf diese Position gedreht. Das war mehr als 30\u00b0 nach rechts. Und &#8211; Versuch &#8230; ha, funktioniert. Noch waren nicht alle Sender optimal, also an einem anderen Tag nochmal nachstellen und die Muttern ordentlich anziehen. Nun haben die Ferienwohnungen wieder Fernsehen. Tipp an die G\u00e4ste: die untere Ferienwohnung hat den besseren Fernseher.<\/p>\n<p>Wir haben versucht den Apfelbaum zu schneiden. Das ist nicht ganz so einfach, wenn der Baum ordentlich ungepflegt ist und man selber nicht die allergr\u00f6\u00dfte Ahnung davon hat. Der Apfelbaum ist ein deutliches Zeichen von vielem, was wir hier vorfinden. Vieles ist einfach nur ungepflegt und verwahrlost. Da war jemand, der fand &#8222;ein Apfelbaum w\u00e4re doch sch\u00f6n&#8220; und hat einen Apfelbaum gekauft und gepflanzt oder pflanzen lassen. Dann wurde hin und wieder an dem armen B\u00e4umchen herumgeschnipfelt. Einen solchen Baum wieder in eine Form zu bringen, ist so gut wie unm\u00f6glich. Allerdings viel schlechter als unsere Vorg\u00e4nger werden wir kaum vorgehen k\u00f6nnen. Mal sehen wie er im Herbst aussieht.<\/p>\n<p>Ich habe mal einen Teil des J\u00e4gerzaunes abgebaut, damit demn\u00e4chst vielleicht die Linde gef\u00e4llt werden kann. Der J\u00e4gerzaun wurde erst frisch angestrichen &#8222;damit sich das Haus besser verkauft&#8220; (Zitat eines Nachbarn). Das gute St\u00fcck wird ziemlich sicher nicht wieder montiert, es f\u00e4llt schon bei\u00a0einmaligen Anfassen auseinander.<\/p>\n<p><a href=\"http:\/\/tressowblog.dtp-net.de\/wp-content\/uploads\/2015\/02\/alter_baumstamm.jpg\"><img loading=\"lazy\" decoding=\"async\" class=\"alignnone size-full wp-image-451\" src=\"http:\/\/tressowblog.dtp-net.de\/wp-content\/uploads\/2015\/02\/alter_baumstamm.jpg\" alt=\"alter_baumstamm\" width=\"1280\" height=\"852\" srcset=\"http:\/\/tressowblog.dtp-net.de\/wp-content\/uploads\/2015\/02\/alter_baumstamm.jpg 1280w, http:\/\/tressowblog.dtp-net.de\/wp-content\/uploads\/2015\/02\/alter_baumstamm-300x199.jpg 300w, http:\/\/tressowblog.dtp-net.de\/wp-content\/uploads\/2015\/02\/alter_baumstamm-1024x681.jpg 1024w, http:\/\/tressowblog.dtp-net.de\/wp-content\/uploads\/2015\/02\/alter_baumstamm-624x415.jpg 624w\" sizes=\"auto, (max-width: 1280px) 100vw, 1280px\" \/><\/a> <a href=\"http:\/\/tressowblog.dtp-net.de\/wp-content\/uploads\/2015\/02\/apfelbaum-teilgeschnitten.jpg\"><img loading=\"lazy\" decoding=\"async\" class=\"alignnone size-full wp-image-452\" src=\"http:\/\/tressowblog.dtp-net.de\/wp-content\/uploads\/2015\/02\/apfelbaum-teilgeschnitten.jpg\" alt=\"apfelbaum-teilgeschnitten\" width=\"1280\" height=\"852\" srcset=\"http:\/\/tressowblog.dtp-net.de\/wp-content\/uploads\/2015\/02\/apfelbaum-teilgeschnitten.jpg 1280w, http:\/\/tressowblog.dtp-net.de\/wp-content\/uploads\/2015\/02\/apfelbaum-teilgeschnitten-300x199.jpg 300w, http:\/\/tressowblog.dtp-net.de\/wp-content\/uploads\/2015\/02\/apfelbaum-teilgeschnitten-1024x681.jpg 1024w, http:\/\/tressowblog.dtp-net.de\/wp-content\/uploads\/2015\/02\/apfelbaum-teilgeschnitten-624x415.jpg 624w\" sizes=\"auto, (max-width: 1280px) 100vw, 1280px\" \/><\/a> <a href=\"http:\/\/tressowblog.dtp-net.de\/wp-content\/uploads\/2015\/02\/fliegende-stockenten-1.jpg\"><img loading=\"lazy\" decoding=\"async\" class=\"alignnone size-full wp-image-453\" src=\"http:\/\/tressowblog.dtp-net.de\/wp-content\/uploads\/2015\/02\/fliegende-stockenten-1.jpg\" alt=\"fliegende-stockenten-1\" width=\"1280\" height=\"852\" srcset=\"http:\/\/tressowblog.dtp-net.de\/wp-content\/uploads\/2015\/02\/fliegende-stockenten-1.jpg 1280w, http:\/\/tressowblog.dtp-net.de\/wp-content\/uploads\/2015\/02\/fliegende-stockenten-1-300x199.jpg 300w, http:\/\/tressowblog.dtp-net.de\/wp-content\/uploads\/2015\/02\/fliegende-stockenten-1-1024x681.jpg 1024w, http:\/\/tressowblog.dtp-net.de\/wp-content\/uploads\/2015\/02\/fliegende-stockenten-1-624x415.jpg 624w\" sizes=\"auto, (max-width: 1280px) 100vw, 1280px\" \/><\/a> <a href=\"http:\/\/tressowblog.dtp-net.de\/wp-content\/uploads\/2015\/02\/fliegende-stockenten-2.jpg\"><img loading=\"lazy\" decoding=\"async\" class=\"alignnone size-full wp-image-454\" src=\"http:\/\/tressowblog.dtp-net.de\/wp-content\/uploads\/2015\/02\/fliegende-stockenten-2.jpg\" alt=\"fliegende-stockenten-2\" width=\"1280\" height=\"852\" srcset=\"http:\/\/tressowblog.dtp-net.de\/wp-content\/uploads\/2015\/02\/fliegende-stockenten-2.jpg 1280w, http:\/\/tressowblog.dtp-net.de\/wp-content\/uploads\/2015\/02\/fliegende-stockenten-2-300x199.jpg 300w, http:\/\/tressowblog.dtp-net.de\/wp-content\/uploads\/2015\/02\/fliegende-stockenten-2-1024x681.jpg 1024w, http:\/\/tressowblog.dtp-net.de\/wp-content\/uploads\/2015\/02\/fliegende-stockenten-2-624x415.jpg 624w\" sizes=\"auto, (max-width: 1280px) 100vw, 1280px\" \/><\/a> <a href=\"http:\/\/tressowblog.dtp-net.de\/wp-content\/uploads\/2015\/02\/satellitenantenne.jpg\"><img loading=\"lazy\" decoding=\"async\" class=\"alignnone size-full wp-image-455\" src=\"http:\/\/tressowblog.dtp-net.de\/wp-content\/uploads\/2015\/02\/satellitenantenne.jpg\" alt=\"satellitenantenne\" width=\"1280\" height=\"852\" srcset=\"http:\/\/tressowblog.dtp-net.de\/wp-content\/uploads\/2015\/02\/satellitenantenne.jpg 1280w, http:\/\/tressowblog.dtp-net.de\/wp-content\/uploads\/2015\/02\/satellitenantenne-300x199.jpg 300w, http:\/\/tressowblog.dtp-net.de\/wp-content\/uploads\/2015\/02\/satellitenantenne-1024x681.jpg 1024w, http:\/\/tressowblog.dtp-net.de\/wp-content\/uploads\/2015\/02\/satellitenantenne-624x415.jpg 624w\" sizes=\"auto, (max-width: 1280px) 100vw, 1280px\" \/><\/a> <a href=\"http:\/\/tressowblog.dtp-net.de\/wp-content\/uploads\/2015\/02\/stockenten-auf-dem-eis.jpg\"><img loading=\"lazy\" decoding=\"async\" class=\"alignnone size-full wp-image-456\" src=\"http:\/\/tressowblog.dtp-net.de\/wp-content\/uploads\/2015\/02\/stockenten-auf-dem-eis.jpg\" alt=\"stockenten-auf-dem-eis\" width=\"1280\" height=\"852\" srcset=\"http:\/\/tressowblog.dtp-net.de\/wp-content\/uploads\/2015\/02\/stockenten-auf-dem-eis.jpg 1280w, http:\/\/tressowblog.dtp-net.de\/wp-content\/uploads\/2015\/02\/stockenten-auf-dem-eis-300x199.jpg 300w, http:\/\/tressowblog.dtp-net.de\/wp-content\/uploads\/2015\/02\/stockenten-auf-dem-eis-1024x681.jpg 1024w, http:\/\/tressowblog.dtp-net.de\/wp-content\/uploads\/2015\/02\/stockenten-auf-dem-eis-624x415.jpg 624w\" sizes=\"auto, (max-width: 1280px) 100vw, 1280px\" \/><\/a> <a href=\"http:\/\/tressowblog.dtp-net.de\/wp-content\/uploads\/2015\/02\/zaun_gefaellt.jpg\"><img loading=\"lazy\" decoding=\"async\" class=\"alignnone size-full wp-image-457\" src=\"http:\/\/tressowblog.dtp-net.de\/wp-content\/uploads\/2015\/02\/zaun_gefaellt.jpg\" alt=\"zaun_gefaellt\" width=\"1280\" height=\"852\" srcset=\"http:\/\/tressowblog.dtp-net.de\/wp-content\/uploads\/2015\/02\/zaun_gefaellt.jpg 1280w, http:\/\/tressowblog.dtp-net.de\/wp-content\/uploads\/2015\/02\/zaun_gefaellt-300x199.jpg 300w, http:\/\/tressowblog.dtp-net.de\/wp-content\/uploads\/2015\/02\/zaun_gefaellt-1024x681.jpg 1024w, http:\/\/tressowblog.dtp-net.de\/wp-content\/uploads\/2015\/02\/zaun_gefaellt-624x415.jpg 624w\" sizes=\"auto, (max-width: 1280px) 100vw, 1280px\" \/><\/a><\/p>\n<p>Ein aufmerksamer Leser hat einen Fehler auf der Website vermutet und mir davon berichtet. Es geht darum, dass er der Ansicht ist, dass am 23. M\u00e4rz in Norddeutschland die Tage nicht l\u00e4nger sein k\u00f6nnen als in S\u00fcddeutschland. Nun, dieser Blog ist weniger als Diskussionsboard gedacht, daf\u00fcr gibt es einschl\u00e4gige Foren, die sich mit den Themen auseinandersetzen. F\u00fcr alle aufmerksamen Leserinnen und Leser auf Fehlersuche empfehle ich den ersten Blogbeitrag als Lekt\u00fcre. Ich freue mich \u00fcber aufmerksame Leserinnen und Leser, kann aber nicht allen Fachthemen bis ins letzte Detail auf den Grund gehen &#8211; daf\u00fcr fehlt mir die Zeit und auch ehrlich gesagt das Interesse. Der Sinn des Blogs ist nicht der letzte wissenschaftliche Schrei, sondern eine recht simple Betrachtungsweise der Welt und der Dinge. Das Tagesl\u00e4ngenthema besch\u00e4ftigt anscheinend noch andere Wissenschaftler. Auf das Ph\u00e4nomen hingewiesen, meinte mal ein Ingenieur, dass es &#8222;nicht sein k\u00f6nne&#8220;, dass im Winter die Tage im Norden eine Stunde k\u00fcrzer w\u00e4ren als im S\u00fcden. Um die Diskussion nicht allzu ausf\u00fchrlich werden zu lassen, hier nochmal meine Quelle. Auf dieser Website\u00a0<a href=\"http:\/\/www.solartopo.com\/\" target=\"_blank\">http:\/\/www.solartopo.com\/<\/a>\u00a0habe ich die Werte ermittelt. Wer der Ansicht ist, dass die dort gemachten Angaben falsch sind, darf sich auch gerne an den dortigen Betreiber wenden. Ich habe keine Veranlassung an der Richtigkeit zu zweifeln. Ich bin der festen \u00dcberzeugung, dass der Betreiber der Website sich besser mit dem Thema auskennt als ich und die meisten Leserinnen und Leser dieser Seite.<\/p>\n","protected":false},"excerpt":{"rendered":"<p>Hier gehen immer wieder Urlaubsbuchungen f\u00fcr den Sommer ein. Wer einen bestimmten Termin im Auge hat, sollte schnell buchen. &#8211; Auch wir haben gebucht. Nicht bei uns, nicht an der Ostsee, sondern im Schwarzwald. Waas, ihr fahrt im Sommer in &#8230; <a class=\"more-link\" href=\"http:\/\/tressowblog.dtp-net.de\/?p=450\">Read More &raquo;<\/a><\/p>\n","protected":false},"author":1,"featured_media":0,"comment_status":"open","ping_status":"open","sticky":false,"template":"","format":"standard","meta":{"footnotes":""},"categories":[1],"tags":[],"class_list":["post-450","post","type-post","status-publish","format-standard","hentry","category-allgemein"],"_links":{"self":[{"href":"http:\/\/tressowblog.dtp-net.de\/index.php?rest_route=\/wp\/v2\/posts\/450","targetHints":{"allow":["GET"]}}],"collection":[{"href":"http:\/\/tressowblog.dtp-net.de\/index.php?rest_route=\/wp\/v2\/posts"}],"about":[{"href":"http:\/\/tressowblog.dtp-net.de\/index.php?rest_route=\/wp\/v2\/types\/post"}],"author":[{"embeddable":true,"href":"http:\/\/tressowblog.dtp-net.de\/index.php?rest_route=\/wp\/v2\/users\/1"}],"replies":[{"embeddable":true,"href":"http:\/\/tressowblog.dtp-net.de\/index.php?rest_route=%2Fwp%2Fv2%2Fcomments&post=450"}],"version-history":[{"count":1,"href":"http:\/\/tressowblog.dtp-net.de\/index.php?rest_route=\/wp\/v2\/posts\/450\/revisions"}],"predecessor-version":[{"id":458,"href":"http:\/\/tressowblog.dtp-net.de\/index.php?rest_route=\/wp\/v2\/posts\/450\/revisions\/458"}],"wp:attachment":[{"href":"http:\/\/tressowblog.dtp-net.de\/index.php?rest_route=%2Fwp%2Fv2%2Fmedia&parent=450"}],"wp:term":[{"taxonomy":"category","embeddable":true,"href":"http:\/\/tressowblog.dtp-net.de\/index.php?rest_route=%2Fwp%2Fv2%2Fcategories&post=450"},{"taxonomy":"post_tag","embeddable":true,"href":"http:\/\/tressowblog.dtp-net.de\/index.php?rest_route=%2Fwp%2Fv2%2Ftags&post=450"}],"curies":[{"name":"wp","href":"https:\/\/api.w.org\/{rel}","templated":true}]}}