{"id":4378,"date":"2025-05-10T13:10:59","date_gmt":"2025-05-10T11:10:59","guid":{"rendered":"http:\/\/tressowblog.dtp-net.de\/?p=4378"},"modified":"2025-05-10T14:17:58","modified_gmt":"2025-05-10T12:17:58","slug":"tag-357","status":"publish","type":"post","link":"http:\/\/tressowblog.dtp-net.de\/?p=4378","title":{"rendered":"Tag 357"},"content":{"rendered":"\n<p>Die Vorbereitungen laufen f\u00fcr ein gro\u00dfes Fest. In einer Woche ist Jahrestag. Naja. Trauriger Jahrestag. Aber die Feste m\u00fcssen ja gefeiert werden. Und ich gebe zu, dass ich den Wahnsinn durchaus auch feiere. Es ist eine der wichtigsten psychologischen Erkenntnisse, dass es wichtig ist eben nicht den Sand in den Kopf zu stecken sondern nach vorne zu schauen und sich den positiven Dingen des Lebens zuzuwenden.<\/p>\n\n\n\n<p>Hier hat es etwa sechs Wochen nicht mehr geregnet. Die Erde ist staubtrocken.<\/p>\n\n\n\n<p>Wir waren heute Holz holen und die Waschmaschine l\u00e4uft heute zum zweiten Mal. Die Crew bedient die Maschine eigenst\u00e4ndig. Wir haben um 7.30 Uhr gefr\u00fchst\u00fcckt und sind um zehn vor acht los. Um zehn vor zehn war der Anh\u00e4nger abgeladen und der Holzplatz im Wald aufger\u00e4umt.<\/p>\n\n\n\n<p>Margot Friedl\u00e4nder ist mit 103 Jahren gestorben. Gestern. Am 80. Jahrestag des Sieges der Alliierten \u00fcber Hitlerdeutschland. &#8222;Seid Menschen!&#8220; &#8211; war ihre Botschaft. Ich habe nicht den Eindruck, dass das verstanden wird. Ist es nicht so, dass Menschen grunds\u00e4tzlich einander wohlgesonnen sind? Ist es nicht so, dass wohlgesonnene Menschen miteinander sprechen &#8211; miteinander kommunizieren? Und nicht nur Whatsapp Nachrichten schreiben? Zumindest wenn es ein Bed\u00fcrfnis oder einen Anlass gibt? Ist es nicht so, dass sich wohlgesonnene Menschen einander zuh\u00f6ren? Auch, und gerade wenn es einen Konflikt gibt? Es scheint eine gewisse Mode geworden zu sein Empathie einzufordern &#8211; zumindest lese ich das in hunderten Profilen auf den Datingplattformen immer und immer wieder. Im gleichen Profil lese ich dann, dass &#8222;Feminismus&#8220; wichtig sei. Nun &#8230; Feminismus spaltet die Gesellschaft. Feminismus t\u00f6tet. Ungef\u00e4hr das Gegenteil von Empathie. So einfach ist das. Das Profil wird dann schnell nach links gewischt. Die Menschen sind tats\u00e4chlich kaputt. Wirklich. Ich w\u00fcrde einen teilkaputten suchen. Einen Ganzen gibt es eh nicht und den w\u00fcrde ich ja auch nicht wollen. Aber einen ganz kaputten? Ich glaube das w\u00fcrde mich \u00fcberfordern.<\/p>\n\n\n\n<p>Warum die Menschen nicht kommunizieren? Die Antwort ist einfach: sie haben es nicht gelernt. Sie sind m\u00f6glicherweise in Alleinerziehendenelternh\u00e4usern ohne Geschwister aufgewachsen und haben eine autorit\u00e4re Schule besucht. In der wichtigen Zeit der Kindheit und Jugend waren keine anderen Menschen mit denen sie h\u00e4tten kommunizieren k\u00f6nnen. Es gab weder Zeit noch Raum, um Kommunikation im wirklichen Leben t\u00e4glich zu praktizieren. Au\u00dferdem hatten sie in der wichtigen Zeit der Kindheit und Jugend keine Vorbilder. Viktor Frankl hat das vor etwa 50 Jahren sehr gut erkannt: je mehr Wohlstand, desto mehr psychische Erkrankungen.<\/p>\n\n\n\n<p>Weiter in der Timeline: Frau von Jens Lehmann gibt Ehe-Aus bekannt: &#8222;Ich bin gl\u00fccklicher Single&#8220; (n-tv). &#8211; Nun, auch so kann man sich Irrsinn sch\u00f6n reden. Nat\u00fcrlich kenne ich keine Details. Das ist aber auch nicht so wichtig. Immerhin hat sie ihn ja einmal geheiratet. Vermutlich nicht aus Unsympathie. Vermutlich hat einer der Beiden oder beide einfach verpasst, die Allianz als die ideale Situation zu sehen sich pers\u00f6nlich weiter zu entwickeln. Ich kenne da kein Pardon: so etwas ist Irrsinn. Es ist so, als wenn ich einen teuren Champus kaufen w\u00fcrde und w\u00fcrde den direkt in den Abguss kippen. Der Jens Lehmann und die Frau Lehmann, das sind ganz wundervolle Menschen. Und dann finden sie einfach, dass es bequemer ist sich nicht weiter zu entwickeln. Kohle ist ja genug da &#8230; &#8211; siehe Viktor Frankl.<\/p>\n\n\n\n<p>Wir haben einen neuen Papst.<\/p>\n\n\n\n<p>Und in Russland wurde eine witzige Siegesparade &#8230; \u00e4\u00e4\u00e4\u00e4h Propagandaparade mit viel Protz abgehalten. Freunde &#8230; das ist alles so l\u00e4cherlich.<\/p>\n\n\n\n<p>Fast w\u00e4re ich zwei Stunden zu sp\u00e4t in ein Konzert gegangen. Danke Annette, dass du das gemerkt hast.<\/p>\n\n\n\n<p>Ich lerne und melde mich dann bald f\u00fcr die Pr\u00fcfung an. Immerhin schreibt die \u00c4rztin nach eingehender Untersuchung, dass aus allgemeinmedizinischer Sicht keine Einw\u00e4nde f\u00fcr die Aufnahme der T\u00e4tigkeit als Heilpraktiker bestehen.<\/p>\n\n\n\n<p>Tja &#8230; sonst kann ich nicht so viel schreiben. Ich w\u00fcrde so gerne eine weitere unerwartete Wendung verk\u00fcnden. Ich muss selber warten. Zum Warten verdammt. Im gesichert rechtsextremen Land. K\u00f6nnte man sagen. Ich lese stapelweise Psychologie- und Ratgeberliteratur. Ich ziehe mir raus, was raus zu ziehen ist. Gestern habe ich mir zwei B\u00fccher des beeindruckenden Menschen Viktor Frankl bestellt. Sehenswert sind die YT Filme mit und \u00fcber ihn. Ich habe Kritik bekommen, dass ich ja angeblich Smalltalk nicht m\u00f6gen w\u00fcrde. Viktor Frankl auf die Frage &#8222;Wie stehen Sie denn zu dem Willen zum Unsinn?&#8220; &#8211; &#8222;&#8230; der Unsinn hat auch Sinn. Und zwar den Sinn das Leben aufzulockern &#8211; zu sehen, dass immer wieder etwas Positives aufleuchtet in between &#8211; mitten drin &#8211; und das ist psychohygienisch von ungeheurer Bedeutung.&#8220; Dies best\u00e4tigt mich doch auch darin, mich hin und wieder \u00fcber meine eigenen Lebensthemen zu belustigen.<\/p>\n\n\n\n<p>Vielleicht w\u00fcrde mich eine baldige unerwartete Wendung doch zu sehr vereinnahmen oder ablenken? Ich \u00fcbe mich in Gelassenheit und Geduld. Vielleicht werde ich Geduldweltmeister. Oder so etwas \u00e4hnliches. Vielleicht werde ich Geduldlehrer. Wir werden es sehen. Bleibt dran und lasst euch \u00fcberraschen &#8211; mir bleibt auch nicht viel anderes \u00fcbrig. &#8211; Oder habt ihr noch eine Idee, was ich noch machen k\u00f6nnte, um unsere Umweltbilanz zu verbessern? &#8211; Das war damals ein Argument einer ehemaligen Mitbewohnerin zu ihrem Freund zu ziehen, der allein in einem ausgewachsenen Eigenheim wohnte. &#8211; Gr\u00fc\u00dfe gehen raus!<\/p>\n\n\n\n<p>Ich glaube wohl nicht, dass mich eine n\u00e4chste unerwartete Wendung &#8211; wenn es denn eine Wendung in die richtige Richtung ist &#8211; von meinen Zielen abbringen w\u00fcrde. Es ist im Gegenteil so, dass mich die letzte Wendung nach wie vor besch\u00e4ftigt und mir Kraft raubt. Das ist auch vollkommen in Ordnung so. Anders ausgedr\u00fcckt: es w\u00e4re schon sehr komisch, wenn das nicht so w\u00e4re. Ich schlafe immer noch zu wenig &#8211; ein typisches Zeichen welcher Diagnose? &#8230; Die Folgen davon sind schnelle Ersch\u00f6pfbarkeit, schlechte Konzentrationsf\u00e4higkeit und mangelnde Leistungsf\u00e4higkeit. Die Aufgaben &#8211; &#8222;der Sinn&#8220;, wie Viktor Frankl sagen w\u00fcrde &#8211; gibt mir aber Kraft und h\u00e4lt mich aufrecht.<\/p>\n\n\n\n<p>Der Blog geht testweise wieder online. Es ist aber zun\u00e4chst eher so ein Test f\u00fcr das neue Design.<\/p>\n\n\n\n<p>Etwas Missverst\u00e4ndliches? Ich habe mir einen neuen Spruch ausgedacht. An der Kaufland-Kasse werde ich immer gefragt: &#8222;Kauflandkarte?&#8220; &#8211; nein, habe ich nicht. Meine neue Antwort ist &#8222;Nein, aber ich mag Sie trotzdem.&#8220; &#8211; Nun hat die Kassiererin aber gar nicht nach der Kauflandkarte gefragt und ich habe den Spruch trotzdem raus gehauen. Das hat zu Missverst\u00e4ndnissen gef\u00fchrt und sie hat sich entschuldigt, dass sie nicht nach der Karte gefragt hat. Mist. Geht n\u00e4chstesmal besser.<\/p>\n\n\n\n<p>Und Ameisendosen gibt es nicht mehr zu kaufen. Ich wollte eine kaufen. Erst im Kauflandladen. Da hatten sie keine. Dann im M\u00fcller. Dort hatten sie auch keine. Da hatte ich etwas Zeit und habe mit dem H\u00e4ndi recherchiert. Die d\u00fcrfen nicht mehr ohne Beratung verkauft werden. Und da bin ich dann wieder zur\u00fcck in den M\u00fcllerladen und habe der Kassiererin gesagt, dass die nicht mehr ohne Beratung verkauft werden d\u00fcrfen. Das war ganz lustig. Ich mache solche Sp\u00e4\u00dfe auch nur, um mir zu beweisen, dass ich nicht unter einer Sozialphobie leide.<\/p>\n\n\n\n<p>Habt alle einen sch\u00f6nen Tag!<\/p>\n","protected":false},"excerpt":{"rendered":"<p>Die Vorbereitungen laufen f\u00fcr ein gro\u00dfes Fest. In einer Woche ist Jahrestag. Naja. Trauriger Jahrestag. Aber die Feste m\u00fcssen ja gefeiert werden. Und ich gebe zu, dass ich den Wahnsinn durchaus auch feiere. Es ist eine der wichtigsten psychologischen Erkenntnisse, &#8230; <a class=\"more-link\" href=\"http:\/\/tressowblog.dtp-net.de\/?p=4378\">Read More &raquo;<\/a><\/p>\n","protected":false},"author":1,"featured_media":0,"comment_status":"open","ping_status":"open","sticky":false,"template":"","format":"standard","meta":{"footnotes":""},"categories":[1],"tags":[],"class_list":["post-4378","post","type-post","status-publish","format-standard","hentry","category-allgemein"],"_links":{"self":[{"href":"http:\/\/tressowblog.dtp-net.de\/index.php?rest_route=\/wp\/v2\/posts\/4378","targetHints":{"allow":["GET"]}}],"collection":[{"href":"http:\/\/tressowblog.dtp-net.de\/index.php?rest_route=\/wp\/v2\/posts"}],"about":[{"href":"http:\/\/tressowblog.dtp-net.de\/index.php?rest_route=\/wp\/v2\/types\/post"}],"author":[{"embeddable":true,"href":"http:\/\/tressowblog.dtp-net.de\/index.php?rest_route=\/wp\/v2\/users\/1"}],"replies":[{"embeddable":true,"href":"http:\/\/tressowblog.dtp-net.de\/index.php?rest_route=%2Fwp%2Fv2%2Fcomments&post=4378"}],"version-history":[{"count":11,"href":"http:\/\/tressowblog.dtp-net.de\/index.php?rest_route=\/wp\/v2\/posts\/4378\/revisions"}],"predecessor-version":[{"id":4391,"href":"http:\/\/tressowblog.dtp-net.de\/index.php?rest_route=\/wp\/v2\/posts\/4378\/revisions\/4391"}],"wp:attachment":[{"href":"http:\/\/tressowblog.dtp-net.de\/index.php?rest_route=%2Fwp%2Fv2%2Fmedia&parent=4378"}],"wp:term":[{"taxonomy":"category","embeddable":true,"href":"http:\/\/tressowblog.dtp-net.de\/index.php?rest_route=%2Fwp%2Fv2%2Fcategories&post=4378"},{"taxonomy":"post_tag","embeddable":true,"href":"http:\/\/tressowblog.dtp-net.de\/index.php?rest_route=%2Fwp%2Fv2%2Ftags&post=4378"}],"curies":[{"name":"wp","href":"https:\/\/api.w.org\/{rel}","templated":true}]}}