{"id":2115,"date":"2021-12-26T14:30:53","date_gmt":"2021-12-26T12:30:53","guid":{"rendered":"http:\/\/tressowblog.dtp-net.de\/?p=2115"},"modified":"2021-12-27T23:10:48","modified_gmt":"2021-12-27T21:10:48","slug":"antwort-auf-frau-oldenburg-in-der-ostsee-zeitung","status":"publish","type":"post","link":"http:\/\/tressowblog.dtp-net.de\/?p=2115","title":{"rendered":"Antwort auf Frau Oldenburg in der Ostsee-Zeitung"},"content":{"rendered":"<p>Frau Oldenburg gibt der Ostsee Zeitung ein Interview. Vielen Dank hierf\u00fcr!<\/p>\n<p>An einer Stelle muss ich allerdings einhaken. Auf die Frage, wie sie zu einem Schulbeginn um 9 Uhr steht, sagt Frau Oldenburg zun\u00e4chst &#8222;Ich selbst bin Fr\u00fchaufsteherin. Alles, was ich morgens nicht schaffe, muss ich in den Nachmittag verlegen &#8230;&#8220;<\/p>\n<p>Auf eine weitere Nachfrage, sagt sie &#8222;Die zwei Stunden m\u00fcssten dann hinten angeh\u00e4ngt werden.&#8220;<\/p>\n<p>Ich versuche mich mal an einem Leserbrief:<\/p>\n<blockquote><p>Liebe Frau Oldenburg, vielen Dank, dass Sie sich die Zeit f\u00fcr ein Interview genommen haben. Ihre Aussage, dass die zwei Stunden hinten dran geh\u00e4ngt werden m\u00fcssten, die bei einem sp\u00e4teren Schulanfang vorne fehlen w\u00fcrden, ist aber falsch! Kein Mensch, kein Kind, kein Erwachsener kann sich sechs oder mehr Schulstunden pro Tag konzentrieren. In den Schulen wird viel zu viel sinnlose Zeit verbracht, in denen lernschwache Sch\u00fcler gepeinigt und lernstarke Sch\u00fcler gelangweilt werden. Sowohl die Hirnforschung als auch die Lernforschung best\u00e4tigen die Erfahrungen, die mit flexiblen Schulanfangszeiten gemacht werden: es wird nicht weniger gelernt, sondern es wird mehr gelernt. Mit geringerer Frustration an den Schulen geht auch eine h\u00f6here Lernmotivation einher. Dies best\u00e4tigt auch John Hattie (australischer Bildungsforscher) eindr\u00fccklich in seinen Auswertungen der Metastudie.<br \/>\nZus\u00e4tzlich m\u00fcssen Sie bei Ihren \u00dcberlegungen ber\u00fccksichtigen, dass die Kinder in MV wegen teilweise langer Schulwege gezwungen sind um kurz nach 6 aufzustehen. Dies ist w\u00e4hrend der Sommerzeit kurz nach 5 Uhr! Dabei ist kein Kind in den Schlaf zu bringen, wenn im Sommer die Sonne noch hoch am Himmel steht, was zwangsweise zu Schlafmangel und unausgeschlafenen Kindern im Unterricht f\u00fchrt. Unausgeschlafene Kinder lernen nachweislich schlechter als ausgeschlafene.<br \/>\nDen Kindern, den Eltern, aber auch den Lehrern und der ganzen Gesellschaft w\u00e4re zu w\u00fcnschen, dass aktuelle wissenschaftliche Erkenntnisse der P\u00e4dagogik und Lernforschung in den Schulalltag in MV einflie\u00dfen w\u00fcrden. Nur so wird die kommende Generation die Herausforderungen stemmen k\u00f6nnen, die die Zukunft mit sich bringt.<\/p><\/blockquote>\n<p>Ich muss mich bei solchen Texten immer sehr kurz fassen, weil es doch zu viele Aspekte zu der Geschichte gibt, die auch noch wichtig w\u00e4ren. Den Kindern w\u00e4re schon geholfen, wenn die Schule eine Stunde sp\u00e4ter anfangen w\u00fcrde und zwei Stunden fr\u00fcher zu Ende w\u00e4re &#8230;<\/p>\n<p>Haben Sie beispielsweise schon einmal etwas von Chronobiologie geh\u00f6rt, Frau Oldenburg?<\/p>\n<p>Was mich immer etwa nachdenklich macht, ist die Tatsache, dass ich eigentlich davon ausgehe, dass jemand, der politische Verantwortung f\u00fcr einen Bereich \u00fcbernimmt, auch ein gewisses soziales (gesellschaftliches) Interesse an einem Thema hat. Das hei\u00dft, dass er (oder sie) auch mal bereit ist ihren eigenen Horizont zu erweitern und verschiedene Aspekte, wissenschaftliche Erkenntnisse, gesellschaftliche Anforderungen, aktuelle Missst\u00e4nde eruiert, studiert, um dann die beste Urteilsgrundlage f\u00fcr Entscheidungen zu haben. Im Zweifelsfalle w\u00e4ren Spezialisten und Fachleute und Experten hinzu zu ziehen. Dem scheint nicht so zu sein. Wer es ins Ministeramt geschafft hat, ist offenbar immun &#8211; im wahrsten Sinne des Wortes &#8211; vor Erkenntnissen. Offenbar geht es nur noch um Amtsf\u00fchrung und Populitik, also Politik um des eigenen Populismus Willen. Das ist ein bisschen bitter.<\/p>\n<p>Ich tue mich echt schwer damit diesen Mechanismus so als gegeben hinzunehmen. Denn er bedeutet quasi Stillstand f\u00fcr die Gesellschaft. Das ist tragisch. Gesellschaft ist von Natur aus dynamisch, anpassungsf\u00e4hig, lebendig, wandelbar, ver\u00e4nderbar. Die Politik verhindert dies. Sp\u00e4testens wenn die Leerdenker dann auf der Stra\u00dfe sind, geht das Gejammer los. Dabei hat Politik, so wie ich sie denke, genau diese Aufgabe: die Tendenzen fr\u00fchzeitig zu erkennen und entgegen zu wirken. Hin zu einer lebendigen und lebenswerten Gesellschaft.<\/p>\n<p>Eine Fahrt auf dem winterlichen Tressower See mit einem historischen Fischerboot gef\u00e4llig?<\/p>\n<p><a href=\"http:\/\/tressowblog.dtp-net.de\/wp-content\/uploads\/2021\/12\/DSC_2488-1-.jpg\"><img loading=\"lazy\" decoding=\"async\" class=\"alignnone size-full wp-image-2118\" src=\"http:\/\/tressowblog.dtp-net.de\/wp-content\/uploads\/2021\/12\/DSC_2488-1-.jpg\" alt=\"DSC_2488 (1)\" width=\"1280\" height=\"853\" srcset=\"http:\/\/tressowblog.dtp-net.de\/wp-content\/uploads\/2021\/12\/DSC_2488-1-.jpg 1280w, http:\/\/tressowblog.dtp-net.de\/wp-content\/uploads\/2021\/12\/DSC_2488-1--300x200.jpg 300w, http:\/\/tressowblog.dtp-net.de\/wp-content\/uploads\/2021\/12\/DSC_2488-1--1024x682.jpg 1024w, http:\/\/tressowblog.dtp-net.de\/wp-content\/uploads\/2021\/12\/DSC_2488-1--624x416.jpg 624w\" sizes=\"auto, (max-width: 1280px) 100vw, 1280px\" \/><\/a><\/p>\n<p>Wir basteln etwas m\u00fchsam an zwei Wooden City Bastelk\u00e4sten. Ich bastel am Buchungskalender.<\/p>\n<p>Am 23. haben wir den Tannenbaum im Wald geholt, Samson hat Trompete gespielt und ich habe versucht einen Kontakt zum Herrn Reemtsma herzustellen. Der Herr Reemtsma ist ja der Oberoberchef vom Kuhstall in Gressow. Vielleicht hat der Herr Reemtsma ja ein Interesse daran, dass nicht st\u00e4ndig irgendwelches Zeug zu uns gekarrt wird, was eigentlich zum Kuhstall geh\u00f6rt.<\/p>\n<p>Am 24. gab es Raclette. Samson hat sich so ein Ger\u00e4t gew\u00fcnscht und der Wunsch wurde erf\u00fcllt.<\/p>\n<p>Der Ofen wird dreimal am Tag geheizt, ich brauche mehr als einen Kasten Holz pro Tag. Damit ist es leidlich warm. Dazu brauche ich ungef\u00e4hr 10 Liter Wasser f\u00fcr die Luftbefeuchtung. Ihr ahnt es &#8230; ganz auf Neubaustandard ist dies Geh\u00e4use doch noch nicht. Es ist kalt, nachts so minus 10 Grad.<\/p>\n<p>Auch zum Coronavirus gibt es nat\u00fcrlich neue Nachrichten. Die Schulexperten sind sich jetzt doch nicht mehr ganz so einig, ob die Schulen nicht doch besser &#8230; &#8211; genau &#8230; &#8211; geschlossen werden sollen. Vor ein paar Tagen war das Lamento noch: Schulen werden sicher nicht geschlossen. Was f\u00fcr Korintenkacker! Echt Mann! Ist doch echt nicht zu fassen. Woher wollen die denn wissen, was das Virus in ein paar Wochen oder Monaten anstellt. Und &#8211; oooh, welch erstaunliche Entwicklung &#8211; es passt sich seinem Wirt an! Zu Anfang war es ja schon fast ein Wunder, dass die Schulen nicht die Virenschleudern Nr. 1 waren. Und das waren sie fast zwei Jahre lang nicht. Mit der neuen Version scheint das anders zu sein: Kinder stecken sich offenbar sehr leicht an, auch untereinander und auch von Kindern auf Erwachsene scheint das Virus nun leichter zu springen. Das machen \u00fcbrigens die meisten Viren, die sich seit Jahrtausenden so nach und nach an den Menschen angepasst haben genau so. Wenn ich Virus w\u00e4re, w\u00fcrde ich es vielleicht auch genauso machen. Ich wei\u00df es nicht. Ich bin ja kein Virus.<\/p>\n<p>&nbsp;<\/p>\n","protected":false},"excerpt":{"rendered":"<p>Frau Oldenburg gibt der Ostsee Zeitung ein Interview. Vielen Dank hierf\u00fcr! An einer Stelle muss ich allerdings einhaken. Auf die Frage, wie sie zu einem Schulbeginn um 9 Uhr steht, sagt Frau Oldenburg zun\u00e4chst &#8222;Ich selbst bin Fr\u00fchaufsteherin. Alles, was &#8230; <a class=\"more-link\" href=\"http:\/\/tressowblog.dtp-net.de\/?p=2115\">Read More &raquo;<\/a><\/p>\n","protected":false},"author":1,"featured_media":0,"comment_status":"open","ping_status":"open","sticky":false,"template":"","format":"standard","meta":{"footnotes":""},"categories":[1],"tags":[],"class_list":["post-2115","post","type-post","status-publish","format-standard","hentry","category-allgemein"],"_links":{"self":[{"href":"http:\/\/tressowblog.dtp-net.de\/index.php?rest_route=\/wp\/v2\/posts\/2115","targetHints":{"allow":["GET"]}}],"collection":[{"href":"http:\/\/tressowblog.dtp-net.de\/index.php?rest_route=\/wp\/v2\/posts"}],"about":[{"href":"http:\/\/tressowblog.dtp-net.de\/index.php?rest_route=\/wp\/v2\/types\/post"}],"author":[{"embeddable":true,"href":"http:\/\/tressowblog.dtp-net.de\/index.php?rest_route=\/wp\/v2\/users\/1"}],"replies":[{"embeddable":true,"href":"http:\/\/tressowblog.dtp-net.de\/index.php?rest_route=%2Fwp%2Fv2%2Fcomments&post=2115"}],"version-history":[{"count":4,"href":"http:\/\/tressowblog.dtp-net.de\/index.php?rest_route=\/wp\/v2\/posts\/2115\/revisions"}],"predecessor-version":[{"id":2123,"href":"http:\/\/tressowblog.dtp-net.de\/index.php?rest_route=\/wp\/v2\/posts\/2115\/revisions\/2123"}],"wp:attachment":[{"href":"http:\/\/tressowblog.dtp-net.de\/index.php?rest_route=%2Fwp%2Fv2%2Fmedia&parent=2115"}],"wp:term":[{"taxonomy":"category","embeddable":true,"href":"http:\/\/tressowblog.dtp-net.de\/index.php?rest_route=%2Fwp%2Fv2%2Fcategories&post=2115"},{"taxonomy":"post_tag","embeddable":true,"href":"http:\/\/tressowblog.dtp-net.de\/index.php?rest_route=%2Fwp%2Fv2%2Ftags&post=2115"}],"curies":[{"name":"wp","href":"https:\/\/api.w.org\/{rel}","templated":true}]}}