{"id":2086,"date":"2021-12-05T18:25:03","date_gmt":"2021-12-05T16:25:03","guid":{"rendered":"http:\/\/tressowblog.dtp-net.de\/?p=2086"},"modified":"2021-12-05T18:25:03","modified_gmt":"2021-12-05T16:25:03","slug":"advent-advent","status":"publish","type":"post","link":"http:\/\/tressowblog.dtp-net.de\/?p=2086","title":{"rendered":"Advent, Advent &#8230;"},"content":{"rendered":"<p>Das klingt so \u00e4hnlich, wie &#8222;April, April &#8230;&#8220; aber so weit sind wir noch nicht. Erstmal gilt es den Winter zu beginnen und durchzustehen. Wir haben Sturm bis 8 und grau. Und ein paar Bilder &#8230;<\/p>\n<p><a href=\"http:\/\/tressowblog.dtp-net.de\/wp-content\/uploads\/2021\/12\/DSC_2427.jpg\"><img loading=\"lazy\" decoding=\"async\" class=\"alignnone size-full wp-image-2087\" src=\"http:\/\/tressowblog.dtp-net.de\/wp-content\/uploads\/2021\/12\/DSC_2427.jpg\" alt=\"DSC_2427\" width=\"1280\" height=\"852\" srcset=\"http:\/\/tressowblog.dtp-net.de\/wp-content\/uploads\/2021\/12\/DSC_2427.jpg 1280w, http:\/\/tressowblog.dtp-net.de\/wp-content\/uploads\/2021\/12\/DSC_2427-300x200.jpg 300w, http:\/\/tressowblog.dtp-net.de\/wp-content\/uploads\/2021\/12\/DSC_2427-1024x682.jpg 1024w, http:\/\/tressowblog.dtp-net.de\/wp-content\/uploads\/2021\/12\/DSC_2427-624x415.jpg 624w\" sizes=\"auto, (max-width: 1280px) 100vw, 1280px\" \/><\/a><\/p>\n<p><a href=\"http:\/\/tressowblog.dtp-net.de\/wp-content\/uploads\/2021\/12\/DSC_2430.jpg\"><img loading=\"lazy\" decoding=\"async\" class=\"alignnone size-full wp-image-2088\" src=\"http:\/\/tressowblog.dtp-net.de\/wp-content\/uploads\/2021\/12\/DSC_2430.jpg\" alt=\"DSC_2430\" width=\"1280\" height=\"852\" srcset=\"http:\/\/tressowblog.dtp-net.de\/wp-content\/uploads\/2021\/12\/DSC_2430.jpg 1280w, http:\/\/tressowblog.dtp-net.de\/wp-content\/uploads\/2021\/12\/DSC_2430-300x200.jpg 300w, http:\/\/tressowblog.dtp-net.de\/wp-content\/uploads\/2021\/12\/DSC_2430-1024x682.jpg 1024w, http:\/\/tressowblog.dtp-net.de\/wp-content\/uploads\/2021\/12\/DSC_2430-624x415.jpg 624w\" sizes=\"auto, (max-width: 1280px) 100vw, 1280px\" \/><\/a><\/p>\n<p><a href=\"http:\/\/tressowblog.dtp-net.de\/wp-content\/uploads\/2021\/12\/DSC_2431.jpg\"><img loading=\"lazy\" decoding=\"async\" class=\"alignnone size-full wp-image-2089\" src=\"http:\/\/tressowblog.dtp-net.de\/wp-content\/uploads\/2021\/12\/DSC_2431.jpg\" alt=\"DSC_2431\" width=\"1280\" height=\"852\" srcset=\"http:\/\/tressowblog.dtp-net.de\/wp-content\/uploads\/2021\/12\/DSC_2431.jpg 1280w, http:\/\/tressowblog.dtp-net.de\/wp-content\/uploads\/2021\/12\/DSC_2431-300x200.jpg 300w, http:\/\/tressowblog.dtp-net.de\/wp-content\/uploads\/2021\/12\/DSC_2431-1024x682.jpg 1024w, http:\/\/tressowblog.dtp-net.de\/wp-content\/uploads\/2021\/12\/DSC_2431-624x415.jpg 624w\" sizes=\"auto, (max-width: 1280px) 100vw, 1280px\" \/><\/a><\/p>\n<p>Die Schw\u00e4ne haben tats\u00e4chlich zwei junge Schw\u00e4ne \u00fcber den Sommer gebracht.<\/p>\n<p>Ein paar Tage sp\u00e4ter schneit es.<\/p>\n<p><a href=\"http:\/\/tressowblog.dtp-net.de\/wp-content\/uploads\/2021\/12\/DSC_2432.jpg\"><img loading=\"lazy\" decoding=\"async\" class=\"alignnone size-full wp-image-2090\" src=\"http:\/\/tressowblog.dtp-net.de\/wp-content\/uploads\/2021\/12\/DSC_2432.jpg\" alt=\"DSC_2432\" width=\"1280\" height=\"852\" srcset=\"http:\/\/tressowblog.dtp-net.de\/wp-content\/uploads\/2021\/12\/DSC_2432.jpg 1280w, http:\/\/tressowblog.dtp-net.de\/wp-content\/uploads\/2021\/12\/DSC_2432-300x200.jpg 300w, http:\/\/tressowblog.dtp-net.de\/wp-content\/uploads\/2021\/12\/DSC_2432-1024x682.jpg 1024w, http:\/\/tressowblog.dtp-net.de\/wp-content\/uploads\/2021\/12\/DSC_2432-624x415.jpg 624w\" sizes=\"auto, (max-width: 1280px) 100vw, 1280px\" \/><\/a><\/p>\n<p><a href=\"http:\/\/tressowblog.dtp-net.de\/wp-content\/uploads\/2021\/12\/DSC_2435.jpg\"><img loading=\"lazy\" decoding=\"async\" class=\"alignnone size-full wp-image-2091\" src=\"http:\/\/tressowblog.dtp-net.de\/wp-content\/uploads\/2021\/12\/DSC_2435.jpg\" alt=\"DSC_2435\" width=\"1280\" height=\"852\" srcset=\"http:\/\/tressowblog.dtp-net.de\/wp-content\/uploads\/2021\/12\/DSC_2435.jpg 1280w, http:\/\/tressowblog.dtp-net.de\/wp-content\/uploads\/2021\/12\/DSC_2435-300x200.jpg 300w, http:\/\/tressowblog.dtp-net.de\/wp-content\/uploads\/2021\/12\/DSC_2435-1024x682.jpg 1024w, http:\/\/tressowblog.dtp-net.de\/wp-content\/uploads\/2021\/12\/DSC_2435-624x415.jpg 624w\" sizes=\"auto, (max-width: 1280px) 100vw, 1280px\" \/><\/a><\/p>\n<p><a href=\"http:\/\/tressowblog.dtp-net.de\/wp-content\/uploads\/2021\/12\/DSC_2438.jpg\"><img loading=\"lazy\" decoding=\"async\" class=\"alignnone size-full wp-image-2092\" src=\"http:\/\/tressowblog.dtp-net.de\/wp-content\/uploads\/2021\/12\/DSC_2438.jpg\" alt=\"DSC_2438\" width=\"1280\" height=\"852\" srcset=\"http:\/\/tressowblog.dtp-net.de\/wp-content\/uploads\/2021\/12\/DSC_2438.jpg 1280w, http:\/\/tressowblog.dtp-net.de\/wp-content\/uploads\/2021\/12\/DSC_2438-300x200.jpg 300w, http:\/\/tressowblog.dtp-net.de\/wp-content\/uploads\/2021\/12\/DSC_2438-1024x682.jpg 1024w, http:\/\/tressowblog.dtp-net.de\/wp-content\/uploads\/2021\/12\/DSC_2438-624x415.jpg 624w\" sizes=\"auto, (max-width: 1280px) 100vw, 1280px\" \/><\/a><\/p>\n<p>Die Glasfaseret\u00fcde geht in ihre n\u00e4chste Runde. Zwei schlechtgelaunte M\u00e4nner waren da und haben die Verkabelung im Haus gemacht. Immerhin waren sie so entgegenkommend, dass sie die Dose ins OG gesetzt haben, obwohl kurioserweise im Auftrag EG gestanden hat. Zwei weitere Mechaniker haben sich f\u00fcr den 15. Dezember angemeldet. Die machen dann, dass die Glasfaser bis ins Haus geht. Da im komischen Internetportal der Firma steht, dass diese Arbeiten erst im Juni durchgef\u00fchrt werden, gibt es einen weiteren E-Mail Verkehr mit der Firma wemag und ein Telefonat. Leider ist das Ergebnis quasi ergebnislos, denn ich bekomme keine Auskunft, wann der Anschluss denn dann auch wirklich in Betrieb genommen wird. Ich h\u00f6re nur, dass das alles noch sehr gut dokumentiert werden muss, weil die Firma Wemag da sehr hohe Auflagen bekommen hat. Ich biete nat\u00fcrlich an, bei der Dokumentation zu helfen.<\/p>\n<p>Dennoch: ich muss mich jetzt langsam mal um das Endger\u00e4t k\u00fcmmern, denn das kommt nat\u00fcrlich nicht von der Firma Wemag (wegen Wucher). Dabei lerne ich noch was \u00fcber AON, GPON, LC\/APC und SC\/UPC. Ich brauche noch ein extra Patchkabel und bin schwer erstaunt, wie gro\u00df bei so eine simplen Artikel die Preisspannbreite ist (etwa 3 &#8211; 30 Euro).<\/p>\n<p>Auf dem folgenden Bild ist nicht nur M\u00fcll.<\/p>\n<p><a href=\"http:\/\/tressowblog.dtp-net.de\/wp-content\/uploads\/2021\/12\/DSC_2439.jpg\"><img loading=\"lazy\" decoding=\"async\" class=\"alignnone size-full wp-image-2093\" src=\"http:\/\/tressowblog.dtp-net.de\/wp-content\/uploads\/2021\/12\/DSC_2439.jpg\" alt=\"DSC_2439\" width=\"1280\" height=\"852\" srcset=\"http:\/\/tressowblog.dtp-net.de\/wp-content\/uploads\/2021\/12\/DSC_2439.jpg 1280w, http:\/\/tressowblog.dtp-net.de\/wp-content\/uploads\/2021\/12\/DSC_2439-300x200.jpg 300w, http:\/\/tressowblog.dtp-net.de\/wp-content\/uploads\/2021\/12\/DSC_2439-1024x682.jpg 1024w, http:\/\/tressowblog.dtp-net.de\/wp-content\/uploads\/2021\/12\/DSC_2439-624x415.jpg 624w\" sizes=\"auto, (max-width: 1280px) 100vw, 1280px\" \/><\/a><\/p>\n<p>Die Motorradbatterie hat einen 5,5 mm Stecker und ein Kabel bekommen. Damit kann Jonathans Stromklavier auch bei Stromausfall betrieben werden.<\/p>\n<p>Corona geht in die n\u00e4chste Runde. Die Ansteckungszahlen sind weiter auf recht hohem Niveau. Die Krankenh\u00e4user haben zu viele Coronapatienten. So zumindest die einhellige \u00f6ffentliche Botschaft. Ich selbst war noch nicht auf einer Coronaintensivstation und will dort ehrlich gesagt auch nicht hin. Ich halte die Angaben teilweise f\u00fcr glaubhaft. Teilweise deshalb, weil nat\u00fcrlich so ein Medieninteresse auch Eigeninteresse weckt und weil unser Gesundheitssystem im Grunde so kaputt ist wie von Motten zerfressene alte Socken. Es ist und bleibt ein schwieriges Thema. Ich habe mir dann aber die Regierungspressekonferenz angeschaut. Das mache ich wirklich selten. Was da doch etwas sehr kurios aufgefallen ist, war der gebetsm\u00fchlenartige Appell an die Zuschauer sich impfen zu lassen. Kurios aus verschiedenen Gr\u00fcnden. Dass die Impfrate im Vergleich zu anderen L\u00e4ndern niedrig ist, zeichnete sich schon im Sommer ab. Da h\u00e4tte die Politik durchaus M\u00f6glichkeiten gehabt regulierend einzugreifen. Auch ohne Impfpflicht, die jetzt in der Diskussion ist. Eine Bratwurst wirkt manchmal Wunder. Oder eine pers\u00f6nliche Einladung. Oder beides. Auch gab es keine echte Aufkl\u00e4rung, es blieb quasi ein sehr gro\u00dfes Informationsloch, das Esoteriker, Scheinesoteriker und andere Verwirrte problemlos f\u00fcllen konnten. Dann ist es so, dass jemand, der sich jetzt erstmals impfen l\u00e4sst, erst in etwa acht Wochen seinen vollst\u00e4ndigen Impfschutz hat. Nur k\u00f6nnen wir jetzt kaum warten, dass sich in acht Wochen die Infektionszahlen verschlechtern. Es ist total spannend, verschiedene Studien hierzum Impfverhalten zu lesen. Die meisten sind jedoch tendenzi\u00f6s und treffen nicht im entferntesten des Pudels Kern. Es fehlt in unserer Gesellschaft ganz eklatant der soziale Kitt. Also dasjenige, was die Menschen verbindet. Unsere Gesellschaft zerbr\u00f6selt mehr und mehr in kleine Einzelentit\u00e4ten und es geht nur um den Vorteil jedes einzelnen. Um nichts anderes. Da diese scheinbare Vorteilsnahme schon eine Glaubensangelegenheit ist, denn kein Mensch kann ohne das soziale Netz \u00fcberleben, sind rationale Argumente vollkommen sinnlos. Die Politiker k\u00f6nnten genauso das ABC r\u00fcckw\u00e4rts aufsagen &#8211; es h\u00e4tte ungef\u00e4hr die gleiche Wirkung. Da sieht es mit der Bratwurst schon anders aus. Auch wird im Moment die Impferei als Allheilmittel verkauft. Und das ist sie nicht. Wer zwei Sekunden dr\u00fcber nachdenkt, erkennt sozusagen den n\u00e4chsten Betrug. Das ist schade. So ist es nicht verwunderlich, dass der Bundestag \u00fcber die Impfpflicht diskutieren will. Das wird ein etwas langwieriger Prozess. Da wird das Virus dann wieder deutlich aufholen k\u00f6nnen.<\/p>\n<p>Fachleute und Experten streiten dar\u00fcber, wo Ansteckungen stattfinden und wo nicht. Das ist auch nicht gerade kl\u00e4rend. Fast zwei Jahre nach dem weltweiten Auftritt des Partikels! Wiederum gebetsm\u00fchlenartig wird lamentiert, dass die Schulen offen bleibem m\u00fcssen. Es geht sogar soweit, dass die Frau Oldenburg von der Linkspartei behauptet, dass die Ansteckungsrate bei Kindern so hoch ist, weil die Personengruppe so klein ist. Wirklich. Mensch Frau Oldenburg. Oder: Mensch Simone! &#8211; wie ihre Freunde vielleicht sagen w\u00fcrden. Dass bei einer Bildungsministerin schon das kleine Einmaleins nicht so richtig funktioniert, ist tragisch. Dennoch: Kinder\u00e4rzte und Amts\u00e4rzte, also Menschen, die mit der Praxis konfrontiert sind, die empirische Beobachtungen haben und machen, sagen: wir sehen sehr wenig Ansteckungen von Kindern zu Kinder. Die meisten Ansteckungen finden von Erwachsenen auf Kinder statt. Die Virologen, die in ihren Laboren sitzen und Modelle malen sagen: da Kinder auch ansteckend sind, m\u00fcssen wir auch die Schulen schlie\u00dfen. Ein praktischer Umgang wird da nat\u00fcrlich sehr erschwert. Einfach w\u00e4re: Lehrplan in die Tonne und intelligenter Umgang mit der Situation. Wer nicht in die Schule will, soll auch nicht kommen. Die anderen Kinder werden gro\u00dfz\u00fcgig auf die verf\u00fcgbaren R\u00e4ume verteilt &#8211; mit Abstand, und wenn gen\u00fcgend Abstand, dann auch ohne Mundschutz. Und einer strengen Verfolgung der Infektionsketten, um wirklich rauszukriegen wo die Infektion nun stattfindet oder nicht. Die Kinder\u00e4rzte sehen es entspannt. Die psychosozialen Sch\u00e4den der aktuellen Situation mit Stress und Angst und ggf. Sch\u00e4den durch Isolierung bei Schulschlie\u00dfung sind deutlich gr\u00f6\u00dfer. Auch die verst\u00e4rkte Nutzung von elektrischen Angeboten \u00fcber Video und entsprechende Lerntools mit Evaluierung w\u00fcrde die Pr\u00e4senzsituation entspannen und noch einen positiven Effekt aufs Lernverhalten zu haben. W\u00e4hrend der Pr\u00e4senz lie\u00dfe sich der Unterricht dann entspannt gestalten, sodass auch wirkliche Interaktion zwischen Sch\u00fclern und Sch\u00fclern und Sch\u00fclern und Lehrern stattfindet.<\/p>\n<p>Ich finde im B\u00fccherregal das nette B\u00e4ndchen &#8222;Lernen geht anders&#8220; von Remo Largo. Das B\u00fcchlein wurde vor Corona geschrieben, aber im Grunde genommen steht da schon alles drin.<\/p>\n<p>Der Spiegel titelt: &#8222;Deutsche brauchen Ungeimpfte. So k\u00f6nnen sie moralisch sein &#8230; Weil es verschleiert, worum es eigentlich gehen sollte: um Politikversagen.&#8220;<\/p>\n","protected":false},"excerpt":{"rendered":"<p>Das klingt so \u00e4hnlich, wie &#8222;April, April &#8230;&#8220; aber so weit sind wir noch nicht. Erstmal gilt es den Winter zu beginnen und durchzustehen. Wir haben Sturm bis 8 und grau. Und ein paar Bilder &#8230; Die Schw\u00e4ne haben tats\u00e4chlich &#8230; <a class=\"more-link\" href=\"http:\/\/tressowblog.dtp-net.de\/?p=2086\">Read More &raquo;<\/a><\/p>\n","protected":false},"author":1,"featured_media":0,"comment_status":"open","ping_status":"open","sticky":false,"template":"","format":"standard","meta":{"footnotes":""},"categories":[1],"tags":[],"class_list":["post-2086","post","type-post","status-publish","format-standard","hentry","category-allgemein"],"_links":{"self":[{"href":"http:\/\/tressowblog.dtp-net.de\/index.php?rest_route=\/wp\/v2\/posts\/2086","targetHints":{"allow":["GET"]}}],"collection":[{"href":"http:\/\/tressowblog.dtp-net.de\/index.php?rest_route=\/wp\/v2\/posts"}],"about":[{"href":"http:\/\/tressowblog.dtp-net.de\/index.php?rest_route=\/wp\/v2\/types\/post"}],"author":[{"embeddable":true,"href":"http:\/\/tressowblog.dtp-net.de\/index.php?rest_route=\/wp\/v2\/users\/1"}],"replies":[{"embeddable":true,"href":"http:\/\/tressowblog.dtp-net.de\/index.php?rest_route=%2Fwp%2Fv2%2Fcomments&post=2086"}],"version-history":[{"count":3,"href":"http:\/\/tressowblog.dtp-net.de\/index.php?rest_route=\/wp\/v2\/posts\/2086\/revisions"}],"predecessor-version":[{"id":2096,"href":"http:\/\/tressowblog.dtp-net.de\/index.php?rest_route=\/wp\/v2\/posts\/2086\/revisions\/2096"}],"wp:attachment":[{"href":"http:\/\/tressowblog.dtp-net.de\/index.php?rest_route=%2Fwp%2Fv2%2Fmedia&parent=2086"}],"wp:term":[{"taxonomy":"category","embeddable":true,"href":"http:\/\/tressowblog.dtp-net.de\/index.php?rest_route=%2Fwp%2Fv2%2Fcategories&post=2086"},{"taxonomy":"post_tag","embeddable":true,"href":"http:\/\/tressowblog.dtp-net.de\/index.php?rest_route=%2Fwp%2Fv2%2Ftags&post=2086"}],"curies":[{"name":"wp","href":"https:\/\/api.w.org\/{rel}","templated":true}]}}