{"id":2049,"date":"2021-10-30T21:38:53","date_gmt":"2021-10-30T19:38:53","guid":{"rendered":"http:\/\/tressowblog.dtp-net.de\/?p=2049"},"modified":"2021-11-01T09:59:38","modified_gmt":"2021-11-01T07:59:38","slug":"alle-halbjahre-wieder","status":"publish","type":"post","link":"http:\/\/tressowblog.dtp-net.de\/?p=2049","title":{"rendered":"Alle Halbjahre wieder &#8230;"},"content":{"rendered":"<p>&#8230; das gleiche Thema: Uhrverdrehung auf ein Neues.<\/p>\n<p>https:\/\/www.tagesschau.de\/ausland\/europa\/zeitumstellung-europa-107.html<\/p>\n<p>Heute textet die Tagesschau &#8211; auch einmal wieder mittelm\u00e4\u00dfig qualifiziert. So steht da zum Beispiel, dass die n\u00f6rdlichen L\u00e4nder die Winterzeit brauchen, damit es im Winter fr\u00fcher hell wird. Das ist doppelter Stuss. Denn es gibt keine Winterzeit und es wird auch nicht fr\u00fcher hell. Die Normalzeit, die im Winter gilt, hei\u00dft Normalzeit und es wird dann genauso fr\u00fch oder sp\u00e4t hell, wie wenn die Uhr nicht verdreht wird. Der Unterschied ist: bei der nicht verdrehten Uhr stehen die Menschen in der Regel sp\u00e4ter auf. Leider h\u00f6re ich den Quatsch sogar von halbwegs intelligenten Menschen, die behaupten, dass es bei nicht verdrehter Uhr abends fr\u00fcher dunkel wird. Es ist sehr sehr m\u00fchsam gegen Aberglaube vorzugehen.<\/p>\n<p>Ich habe den Test mal aufs Exempel gemacht. Ich habe der Frau Bettina Martin von der SPD in Mecklenburg-Vorpommern geschrieben, daselbst gewesene und m\u00f6glicherweise k\u00fcnftige Ministerin f\u00fcr Bildung und sowas. Mit einem Hinweis auf einen interessanten Artikel zu dem Thema:<\/p>\n<p><a href=\"https:\/\/perspective-daily.de\/article\/438\/probiere\">So hat der fr\u00fche Wecker dir geschadet<\/a><\/p>\n<p>Frau Urner ist als Hirnforscherein ausgewiesene Expertin auf dem Thema und es sind noch weitere Experten am Start in diesem Artikel.<\/p>\n<p>Was macht Frau Martin? Sie l\u00e4sst ihren Herrn Schulrat antworten und diese Antwort l\u00e4sst tief in die Hirninaktivit\u00e4t von Politik und Verwaltung blicken:<\/p>\n<blockquote><p><span id=\"page3R_mcid8\" class=\"markedContent\"><span dir=\"ltr\">Sehr geehrter Herr Bund,<\/span> <\/span><span id=\"page3R_mcid9\" class=\"markedContent\"><br \/>\n<span dir=\"ltr\">vielen Dank f\u00fcr Ihre E<\/span><span dir=\"ltr\">&#8211;<\/span><span dir=\"ltr\">Mail. Frau Ministerin Martin hat mich gebeten, Ihnen zu antworten. <\/span> <\/span><span id=\"page3R_mcid10\" class=\"markedContent\"><br \/>\n<\/span><span id=\"page3R_mcid11\" class=\"markedContent\"><br \/>\n<span dir=\"ltr\">Wie ich Ihrer E<\/span><span dir=\"ltr\">&#8211;<\/span><span dir=\"ltr\">Mail entnehmen kann, m\u00f6chten Sie Frau Ministerin Martin von den Vorteilen f\u00fcr <\/span><span dir=\"ltr\">die Bildung, welc<\/span><span dir=\"ltr\">he aufgrund der Abschaffung der Sommerzeit entstehen w\u00fcrden, \u00fcberzeugen. <\/span> <\/span><span id=\"page3R_mcid12\" class=\"markedContent\"><br \/>\n<\/span><span id=\"page3R_mcid13\" class=\"markedContent\"><br \/>\n<span dir=\"ltr\">Das Ministerium f\u00fcr Bildung, Wissenschaft und Kultur Mecklenburg<\/span><span dir=\"ltr\">&#8211;<\/span><span dir=\"ltr\">Vorpommern ist zwar f\u00fcr <\/span><br \/>\n<span dir=\"ltr\">den Bereich der Bildung auf der Grundlage der Artikel 30, 70 und 104 a Absatz 1 Grundgesetz <\/span><br \/>\n<span dir=\"ltr\">zust\u00e4ndig, jedoch die Sommerzeit und dessen Bestimmungen geh\u00f6ren nicht hierzu. Ich bitte <\/span><br \/>\n<span dir=\"ltr\">Sie daher, sich an das f\u00fcr die Feststellung der mitteleurop\u00e4ischen Sommerzeit in Deutschland <\/span><br \/>\n<span dir=\"ltr\">zust\u00e4ndige Bundesministerium f\u00fcr Wirtschaft und Energie zu wenden und dort<\/span> <span dir=\"ltr\">Ihr Anliegen <\/span><br \/>\n<span dir=\"ltr\">vorzustellen.<\/span><\/span><span id=\"page3R_mcid15\" class=\"markedContent\"><br \/>\n<\/span><span id=\"page3R_mcid16\" class=\"markedContent\"><br \/>\n<span dir=\"ltr\">Mit freundlichen Gr\u00fc\u00dfen<\/span><br \/>\n<span dir=\"ltr\">Gez. Dietrich Schwarz <\/span> <\/span><span id=\"page3R_mcid17\" class=\"markedContent\"><br \/>\n<span dir=\"ltr\">Landesschulrat<\/span><\/span><\/p><\/blockquote>\n<p>Dem Herrn Landesschulrat mangelt es offenbar massiv an Textverst\u00e4ndnis &#8211; vielleicht qualifiziert ihn dieses Defizit f\u00fcr seinen Job &#8211; wir wissen es nicht.<\/p>\n<p>W\u00f6rtlich habe ich an Frau Martin unter anderem geschrieben:<\/p>\n<blockquote><p>In diesem Zusammenhang bitte ich Sie sich f\u00fcr eine schnelle Abschaffung<br \/>\nder Uhrverdrehung einzusetzen<\/p><\/blockquote>\n<p>Dies hei\u00dft nicht, dass ich sie \u00fcberzeugen m\u00f6chte, dies hei\u00dft, sie m\u00f6ge sich bitte daf\u00fcr einsetzen, dass der Quatsch aufh\u00f6rt, was ja doch ein gewisser Unterschied ist und den Rest der Antwort komplett unsinnig macht. Denn nat\u00fcrlich ist mir klar, dass Frau Martin nicht bei der PTB in Braunschweig arbeitet und die Uhr umprogrammieren kann. Mir ist auch klar, dass Frau Martin nicht bei der EU arbeitet und auch nicht in der Bundesregierung im Ausschuss f\u00fcr die Uhrverdrehung sitzt. Meine einzige, und wie ich finde legitime Bitte ist, dass sie sich im Rahmen des ihr von den B\u00fcrgern und der Ministerin \u00fcbertragenen Verantwortungsbereiches f\u00fcr uns einsetzt. Zu viel verlangt?<\/p>\n<p>Ich habe mir dennoch die M\u00fche gemacht, dem Wirtschaftsministerium den Text weiter zu leiten.<\/p>\n<p>Auch diese Antwort zeugt von einem aktiven Desinteresse. Ich sch\u00e4tze in diesem Falle handelt es sich um eine Textvorlage.<\/p>\n<blockquote><p>Sehr geehrter Herr Bund,<\/p>\n<p>vielen Dank f\u00fcr Ihre Nachricht.<\/p>\n<p>F\u00fcr die EU-Mitgliedstaaten ist die Zeitumstellung durch europ\u00e4ische Regelungen nach wie vor vorgegeben. Die EU-Kommission hatte im September 2018 einen Vorschlag zur Abschaffung der jahreszeitlichen Zeitumstellung vorgelegt, der auf einen entsprechenden Wunsch der europ\u00e4ischen B\u00fcrgerinnen und B\u00fcrger aus einer \u00f6ffentlichen Befragung zur\u00fcckgeht. Dieser Vorschlag wird derzeit auf EU-Ebene diskutiert. Aus Sicht der Bundesregierung ist es wichtig, Zeitinseln zu verhindern und einen harmonisierten Binnenmarkt zu gew\u00e4hrleisten. Die Bundesregierung erachtet zudem eine europaweite Folgenabsch\u00e4tzung als eine wichtige Voraussetzung f\u00fcr ein angemessenes und harmonisiertes Vorgehen. Auch viele andere Mitgliedstaaten haben diese bei der Europ\u00e4ischen Kommission eingefordert. Die EU-Kommission hat bislang eine solche Folgenabsch\u00e4tzung noch nicht vorgelegt. Zur Zeitplanung der Europ\u00e4ischen Kommission k\u00f6nnen wir keine Auskunft geben. Hierzu m\u00fcssten Sie sich an die EU-Kommission wenden.<\/p>\n<p>Mit freundlichen Gr\u00fc\u00dfen<\/p>\n<p>Ihr Team B\u00fcrgerdialog<\/p><\/blockquote>\n<p>Und was sagt der Sprecher der EU Herr Keersmaecker? &#8222;Jetzt liegt der Ball bei den Mitgliedsstaaten&#8230;&#8220;. Es ist also hier der ganz \u00fcbliche Politik-Verwaltungs-Wahn am Werk. Keiner ist zust\u00e4ndig und alle verstecken sich hinter irgendwelchen Pseudoargumenten.<\/p>\n<p>Deswegen hier nochmal ein \u00f6ffentlicher Aufruf:<\/p>\n<p>Liebe Frau Martin, lieber Herr Schulrat Schwarz!<\/p>\n<p>Tun Sie einfach das wof\u00fcr Sie gew\u00e4hlt wurden bzw. wof\u00fcr Sie von Steuergeldern bezahlt werden! Setzen Sie sich f\u00fcr das Wohl der B\u00fcrgerinnen und B\u00fcrger ein. Beziehen Sie klar Stellung und vertreten Sie Ihre Anliegen in Berlin, in Br\u00fcssel, in den entsprechenden Gremien und wo auch immer. Es ist doch offenbarer Unfug, dass das Wirtschaftsministerium eine solch weitreichende Entscheidung treffen soll, denn die verdrehte Uhr geht ja alle Menschen etwas an und nicht nur diejenigen, die mit der wirtschaftlichen Entwicklung etwas zu tun haben. Mit Ihrem Engagement leisten Sie einen entscheidenden Beitrag zur Verbesserung der Lebensqualit\u00e4t in Mecklenburg-Vorpommern.<\/p>\n<p>Ich habe zwei Buchtipps:<\/p>\n<p>Philipp M\u00f6llers &#8222;Isch geh Schulhof&#8220; ist zwar auch schon mehr als zehn Jahre alt, aber fl\u00fcssig zu lesen und brandaktuell.<\/p>\n<p>Michael Schmidt-Salomons &#8222;Entspannt euch! &#8211; Eine Philosphie der Gelassenheit&#8220; ist etwas weniger fl\u00fcssig zu lesen, etwas aktueller, aber deswegen nicht weniger lesenswert.<\/p>\n<p>Bei uns gab es neulich Pizza. Das ist ja erstmal noch nichts besonderes, denn die kann man sich entweder bestellen oder aus tiefgefrorenen Packungen aufbacken. Es gibt aber noch mehr Varianten. Die selbst gemachte zum Beispiel. Die war bei uns fr\u00fcher immer viereckig, weil auch das Blech viereckig ist. Aber sie muss ja nicht viereckig sein. Samson hatte den Wunsch, dass die Pizza mal nicht viereckig sondern rund ist. Ein Forschungsvorhaben. Schmeckt runde Pizza anders als viereckige? Wir probieren es aus. Achtung! Lehrer! P\u00e4dagogen! Aufgepasst! Das Kind hat eine Idee und eine Frage. Jetzt kann ich nat\u00fcrlich einfach runde Pizza kaufen oder machen und dem Kind vorsetzen. Aber warum soll ich den Forschungsimpuls des Kindes nicht aufnehmen und gemeinsam &#8211; ich wiederhole es gerne: gemeinsam &#8211; mit dem Kind forschen? Also wird \u00fcberlegt, welche Geschmacksrichtungen denn getestet werden, Zutaten vorbereitet, Teig vorbereitet. Teig ausgerollt, was gar nicht so einfach ist, denn die Pizza soll ja rund werden.<\/p>\n<p>Auch erfordert runde Pizza eine andere Backlogistik &#8211; dies wird alles ganz praktisch und mit Begeisterung erfahren. Das Ergebnis kann sich sehen lassen und es l\u00e4sst sich aus essen.<\/p>\n<p>&nbsp;<\/p>\n<p><a href=\"http:\/\/tressowblog.dtp-net.de\/wp-content\/uploads\/2021\/10\/DSC_2333-k.jpg\"><img loading=\"lazy\" decoding=\"async\" class=\"alignnone size-full wp-image-2058\" src=\"http:\/\/tressowblog.dtp-net.de\/wp-content\/uploads\/2021\/10\/DSC_2333-k.jpg\" alt=\"DSC_2333-k\" width=\"1280\" height=\"852\" srcset=\"http:\/\/tressowblog.dtp-net.de\/wp-content\/uploads\/2021\/10\/DSC_2333-k.jpg 1280w, http:\/\/tressowblog.dtp-net.de\/wp-content\/uploads\/2021\/10\/DSC_2333-k-300x200.jpg 300w, http:\/\/tressowblog.dtp-net.de\/wp-content\/uploads\/2021\/10\/DSC_2333-k-1024x682.jpg 1024w, http:\/\/tressowblog.dtp-net.de\/wp-content\/uploads\/2021\/10\/DSC_2333-k-624x415.jpg 624w\" sizes=\"auto, (max-width: 1280px) 100vw, 1280px\" \/><\/a><\/p>\n<p><a href=\"http:\/\/tressowblog.dtp-net.de\/wp-content\/uploads\/2021\/10\/DSC_2341-k.jpg\"><img loading=\"lazy\" decoding=\"async\" class=\"alignnone size-full wp-image-2059\" src=\"http:\/\/tressowblog.dtp-net.de\/wp-content\/uploads\/2021\/10\/DSC_2341-k.jpg\" alt=\"DSC_2341-k\" width=\"1280\" height=\"852\" srcset=\"http:\/\/tressowblog.dtp-net.de\/wp-content\/uploads\/2021\/10\/DSC_2341-k.jpg 1280w, http:\/\/tressowblog.dtp-net.de\/wp-content\/uploads\/2021\/10\/DSC_2341-k-300x200.jpg 300w, http:\/\/tressowblog.dtp-net.de\/wp-content\/uploads\/2021\/10\/DSC_2341-k-1024x682.jpg 1024w, http:\/\/tressowblog.dtp-net.de\/wp-content\/uploads\/2021\/10\/DSC_2341-k-624x415.jpg 624w\" sizes=\"auto, (max-width: 1280px) 100vw, 1280px\" \/><\/a><\/p>\n<p><a href=\"http:\/\/tressowblog.dtp-net.de\/wp-content\/uploads\/2021\/10\/DSC_2342-k.jpg\"><img loading=\"lazy\" decoding=\"async\" class=\"alignnone size-full wp-image-2060\" src=\"http:\/\/tressowblog.dtp-net.de\/wp-content\/uploads\/2021\/10\/DSC_2342-k.jpg\" alt=\"DSC_2342-k\" width=\"1280\" height=\"852\" srcset=\"http:\/\/tressowblog.dtp-net.de\/wp-content\/uploads\/2021\/10\/DSC_2342-k.jpg 1280w, http:\/\/tressowblog.dtp-net.de\/wp-content\/uploads\/2021\/10\/DSC_2342-k-300x200.jpg 300w, http:\/\/tressowblog.dtp-net.de\/wp-content\/uploads\/2021\/10\/DSC_2342-k-1024x682.jpg 1024w, http:\/\/tressowblog.dtp-net.de\/wp-content\/uploads\/2021\/10\/DSC_2342-k-624x415.jpg 624w\" sizes=\"auto, (max-width: 1280px) 100vw, 1280px\" \/><\/a><\/p>\n<p>Und das Forschungsergebnis? Leider nicht ganz eindeutig. Ja, runde Pizza schmeckt anders als viereckige &#8211; sagt das Kind. Es soll wieder einmal runde selbstgemachte Pizza geben. Die Forschung geht weiter.<\/p>\n<p>Der Erwachsene fragt sich: es ist so einfach Kinder f\u00fcr etwas zu begeistern. Kinder wollen st\u00e4ndig etwas erfahren und entdecken &#8211; das ist der Impuls zum Lernen. Warum geht das in der Schule nicht Frau Martin?<\/p>\n","protected":false},"excerpt":{"rendered":"<p>&#8230; das gleiche Thema: Uhrverdrehung auf ein Neues. https:\/\/www.tagesschau.de\/ausland\/europa\/zeitumstellung-europa-107.html Heute textet die Tagesschau &#8211; auch einmal wieder mittelm\u00e4\u00dfig qualifiziert. So steht da zum Beispiel, dass die n\u00f6rdlichen L\u00e4nder die Winterzeit brauchen, damit es im Winter fr\u00fcher hell wird. Das ist &#8230; <a class=\"more-link\" href=\"http:\/\/tressowblog.dtp-net.de\/?p=2049\">Read More &raquo;<\/a><\/p>\n","protected":false},"author":1,"featured_media":0,"comment_status":"open","ping_status":"open","sticky":false,"template":"","format":"standard","meta":{"footnotes":""},"categories":[1],"tags":[],"class_list":["post-2049","post","type-post","status-publish","format-standard","hentry","category-allgemein"],"_links":{"self":[{"href":"http:\/\/tressowblog.dtp-net.de\/index.php?rest_route=\/wp\/v2\/posts\/2049","targetHints":{"allow":["GET"]}}],"collection":[{"href":"http:\/\/tressowblog.dtp-net.de\/index.php?rest_route=\/wp\/v2\/posts"}],"about":[{"href":"http:\/\/tressowblog.dtp-net.de\/index.php?rest_route=\/wp\/v2\/types\/post"}],"author":[{"embeddable":true,"href":"http:\/\/tressowblog.dtp-net.de\/index.php?rest_route=\/wp\/v2\/users\/1"}],"replies":[{"embeddable":true,"href":"http:\/\/tressowblog.dtp-net.de\/index.php?rest_route=%2Fwp%2Fv2%2Fcomments&post=2049"}],"version-history":[{"count":9,"href":"http:\/\/tressowblog.dtp-net.de\/index.php?rest_route=\/wp\/v2\/posts\/2049\/revisions"}],"predecessor-version":[{"id":2061,"href":"http:\/\/tressowblog.dtp-net.de\/index.php?rest_route=\/wp\/v2\/posts\/2049\/revisions\/2061"}],"wp:attachment":[{"href":"http:\/\/tressowblog.dtp-net.de\/index.php?rest_route=%2Fwp%2Fv2%2Fmedia&parent=2049"}],"wp:term":[{"taxonomy":"category","embeddable":true,"href":"http:\/\/tressowblog.dtp-net.de\/index.php?rest_route=%2Fwp%2Fv2%2Fcategories&post=2049"},{"taxonomy":"post_tag","embeddable":true,"href":"http:\/\/tressowblog.dtp-net.de\/index.php?rest_route=%2Fwp%2Fv2%2Ftags&post=2049"}],"curies":[{"name":"wp","href":"https:\/\/api.w.org\/{rel}","templated":true}]}}