{"id":2004,"date":"2021-08-29T21:22:26","date_gmt":"2021-08-29T19:22:26","guid":{"rendered":"http:\/\/tressowblog.dtp-net.de\/?p=2004"},"modified":"2021-08-30T06:45:33","modified_gmt":"2021-08-30T04:45:33","slug":"sieben-jahre-tressow","status":"publish","type":"post","link":"http:\/\/tressowblog.dtp-net.de\/?p=2004","title":{"rendered":"Sieben Jahre Tressow"},"content":{"rendered":"<p>Es treffen ein: die Wahlbenachrichtigungen. Wir d\u00fcrfen W\u00e4hlen. Wahl findet statt am 26. September. Wir freuen uns schon sehr darauf. Nicht so sehr bin ich erfreut dar\u00fcber, dass alles, was auf dem Wahlzettel steht, eigentlich unw\u00e4hlbar ist. Ich hatte mir \u00fcberlegt, dann doch SPD zu w\u00e4hlen. CDU geht ja nicht (gar nicht!). Gr\u00fcnpartei auch nicht (\u00fcberhaupt nicht!). Doch dann lag dieser uns\u00e4gliche Wahlprospekt im Briefkasten. &#8222;MANU&#8220; &#8211; haben sich die Wahlstrategen ausgedacht. Vollkommen unterirdisch! Ich erlaube mir einen \u00f6ffentlichen Brief an Manu &#8230;<\/p>\n<blockquote><p>Liebe Manu!<\/p>\n<p>ich hatte mir wirklich \u00fcberlegt SPD zu w\u00e4hlen. Warum auch nicht. Die schlimmste Partei ist es ja nicht, obwohl mich vieles an dem Programm nicht \u00fcberzeugt. &#8222;Sozialdemokratisch&#8220; steht da auf den Fahnen. Eigentlich eine gute Idee. Die Partei hat aber in der Vergangenheit gezeigt, dass sie der Wirtschaft n\u00e4her steht als den Menschen (Hartz IV ist immer noch nicht abgeschafft oder reformiert!). Und jetzt &#8230; &#8222;MANU&#8220; &#8230; Wie schwachsinnig ist das denn? Ich w\u00e4hle doch nicht eine Partei, weil sie ein h\u00fcbsch gephotoshoptes Bild der Kandidatin auf Papier drucken kann mit markigen Spr\u00fcchen dazu! Da steht etwas, dass Du Dich mutig f\u00fcr MV eingesetzt hast in der Pandemie. Es war aber feige und nicht mutig die Urlauber in diesem Fr\u00fchsommer auszusperren. Eingesetzt hast Du Dich auch nicht f\u00fcr uns. Auf den Einnahmenausf\u00e4llen hast Du uns sitzen lassen. Mutig? Eingesetzt? Wirklich nicht! Und so geht es gerade weiter. Was interessiert mich ein Roland Kaiser? Mag sein, dass ihr gut befreundet seid. Aber was hat das mit Politik zu tun? &#8222;Das Volk will keine Blender&#8220; habe ich k\u00fcrzlich gelesen. Da sehe ich mich dann schon als Volk. Dabei ist mir schon klar, dass heute W\u00e4hlerstimmen vor allem durch markige Bilder, Spr\u00fcche und eine hohe Pressepr\u00e4senz gewonnen werden. Je mehr, desto besser. Ich hoffe mit meinem Verhalten aber doch, dass es mehr Menschen gibt, die doch lieber eine nachvollziehbare und \u00fcberlegte Wahlentscheidung treffen und sich eben nicht durch &#8222;MANU&#8220;-Postwurfsendungen blenden lassen. Denn: ganz so toll steht MV dann doch wieder nicht da. Es klemmt, wo es klemmen kann. Der Zustand der Werften? Ein Desaster &#8211; und zwar nicht erst seit Corona. Das Desaster war geplant. Zustand der Wirtschaft? Welche Wirtschaft? Wo bleiben Programme, die es f\u00fcr Unternehmer interessant machen zu investieren, z.B. in neue Arbeitspl\u00e4tze? Gesundheitsversorgung der Bev\u00f6lkerung? Schlimm! \u00c4rztemangel, \u00c4rztemangel, \u00c4rztemangel. Wer krank ist, darf sich gl\u00fccklich sch\u00e4tzen nicht noch kr\u00e4nker gemacht zu werden. Der Zustand der Schulen? Lehrermangel! Auch dies: geplant. Und sogar mit Ank\u00fcndigung. Die Lehrerverb\u00e4nde weisen seit Jahren darauf hin, dass in MV mehr Lehrer gebraucht werden. Das, liebe Manu, w\u00e4re eine echte Chance f\u00fcr MV: die Bildungslandschaft zu verbessern. Schul\u00e4mter abzuschaffen und den Schulen mehr Entscheidungsfreiheit zu geben. Das w\u00fcrde Lehrerstellen in MV attraktiv machen. Das Bildungssystem hat einen enormen Einfluss auf die kommende Generation, es w\u00e4re eine echte Wette auf die Zukunft.<\/p>\n<p>Es g\u00e4be so vieles, was angepackt werden k\u00f6nnte durch eine Landesregierung. Schnelles Internet auf dem Land? Eine hohle Ank\u00fcndigung! Wir warten seit zwei Jahren vergebens darauf. Die Liste lie\u00dfe sich beliebig fortsetzen.<\/p>\n<p>Leider ist vieles, was von dieser Landesregierung beschlossen wird vor allem eines: gut gemeint. Das Gegenteil von gut. Immerhin &#8230; ich will weder Dir noch Deinen Wahlstrategen schlechte Absichten unterstellen. Ich schaue aber dann doch lieber weiter, ob ich nicht doch eine passendere Stelle auf dem Wahlzettel finde um ein Kreuz zu machen.<\/p>\n<p>Vermutlich &#8211; so sagen es jedenfalls die Umfragen &#8211; wirst Du die Wahl gewinnen. Mit meiner Stimme oder ohne meine Stimme &#8211; darauf kommt es ja nicht an.<\/p>\n<p>In diesem\u00a0 Sinne &#8230; alles Gute und lieber Gru\u00df aus Tressow,<br \/>\nWolfgang<\/p><\/blockquote>\n<p>Und sonst? Dieser Tage sind wir sieben Jahre in Tressow.<\/p>\n<p><a href=\"http:\/\/tressowblog.dtp-net.de\/wp-content\/uploads\/2021\/08\/DSC_23231.jpg\"><img loading=\"lazy\" decoding=\"async\" class=\"alignnone size-full wp-image-2005\" src=\"http:\/\/tressowblog.dtp-net.de\/wp-content\/uploads\/2021\/08\/DSC_23231.jpg\" alt=\"DSC_2323\" width=\"1280\" height=\"852\" srcset=\"http:\/\/tressowblog.dtp-net.de\/wp-content\/uploads\/2021\/08\/DSC_23231.jpg 1280w, http:\/\/tressowblog.dtp-net.de\/wp-content\/uploads\/2021\/08\/DSC_23231-300x200.jpg 300w, http:\/\/tressowblog.dtp-net.de\/wp-content\/uploads\/2021\/08\/DSC_23231-1024x682.jpg 1024w, http:\/\/tressowblog.dtp-net.de\/wp-content\/uploads\/2021\/08\/DSC_23231-624x415.jpg 624w\" sizes=\"auto, (max-width: 1280px) 100vw, 1280px\" \/><\/a><\/p>\n<p>Hier: Blick auf den Tressower See am Morgen des 30. August.<\/p>\n<p><a href=\"http:\/\/tressowblog.dtp-net.de\/wp-content\/uploads\/2021\/08\/DSC_2367.jpg\"><img loading=\"lazy\" decoding=\"async\" class=\"alignnone size-full wp-image-2007\" src=\"http:\/\/tressowblog.dtp-net.de\/wp-content\/uploads\/2021\/08\/DSC_2367.jpg\" alt=\"DSC_2367\" width=\"1280\" height=\"852\" srcset=\"http:\/\/tressowblog.dtp-net.de\/wp-content\/uploads\/2021\/08\/DSC_2367.jpg 1280w, http:\/\/tressowblog.dtp-net.de\/wp-content\/uploads\/2021\/08\/DSC_2367-300x200.jpg 300w, http:\/\/tressowblog.dtp-net.de\/wp-content\/uploads\/2021\/08\/DSC_2367-1024x682.jpg 1024w, http:\/\/tressowblog.dtp-net.de\/wp-content\/uploads\/2021\/08\/DSC_2367-624x415.jpg 624w\" sizes=\"auto, (max-width: 1280px) 100vw, 1280px\" \/><\/a><\/p>\n<p>Auf alten Bildern sehen wir noch j\u00fcnger aus.<\/p>\n<p><a href=\"http:\/\/tressowblog.dtp-net.de\/wp-content\/uploads\/2021\/08\/DSC_2893.jpg\"><img loading=\"lazy\" decoding=\"async\" class=\"alignnone size-full wp-image-2006\" src=\"http:\/\/tressowblog.dtp-net.de\/wp-content\/uploads\/2021\/08\/DSC_2893.jpg\" alt=\"DSC_2893\" width=\"1280\" height=\"852\" srcset=\"http:\/\/tressowblog.dtp-net.de\/wp-content\/uploads\/2021\/08\/DSC_2893.jpg 1280w, http:\/\/tressowblog.dtp-net.de\/wp-content\/uploads\/2021\/08\/DSC_2893-300x200.jpg 300w, http:\/\/tressowblog.dtp-net.de\/wp-content\/uploads\/2021\/08\/DSC_2893-1024x682.jpg 1024w, http:\/\/tressowblog.dtp-net.de\/wp-content\/uploads\/2021\/08\/DSC_2893-624x415.jpg 624w\" sizes=\"auto, (max-width: 1280px) 100vw, 1280px\" \/><\/a><\/p>\n<p>Fast einen Monat sp\u00e4ter: Einweihungsfest.<\/p>\n<p>Es folgte: Dachd\u00e4mmung mit Mardervergr\u00e4mung.<\/p>\n<p>2015: Heringsessen, Murmelbahnfest, Los-gehts-Treffen, neue Heizung mit Frank und Robert, Gartentisch, erster 12-Motive-Kalender, erster selbst gehackter Brennholzhaufen.<\/p>\n<p><a href=\"http:\/\/tressowblog.dtp-net.de\/wp-content\/uploads\/2021\/08\/DSC_5475.jpg\"><img loading=\"lazy\" decoding=\"async\" class=\"alignnone size-full wp-image-2008\" src=\"http:\/\/tressowblog.dtp-net.de\/wp-content\/uploads\/2021\/08\/DSC_5475.jpg\" alt=\"DSC_5475\" width=\"1280\" height=\"852\" srcset=\"http:\/\/tressowblog.dtp-net.de\/wp-content\/uploads\/2021\/08\/DSC_5475.jpg 1280w, http:\/\/tressowblog.dtp-net.de\/wp-content\/uploads\/2021\/08\/DSC_5475-300x200.jpg 300w, http:\/\/tressowblog.dtp-net.de\/wp-content\/uploads\/2021\/08\/DSC_5475-1024x682.jpg 1024w, http:\/\/tressowblog.dtp-net.de\/wp-content\/uploads\/2021\/08\/DSC_5475-624x415.jpg 624w\" sizes=\"auto, (max-width: 1280px) 100vw, 1280px\" \/><\/a><\/p>\n<p>31.8.2016: SOKO Wismar.<\/p>\n<p><a href=\"http:\/\/tressowblog.dtp-net.de\/wp-content\/uploads\/2021\/08\/DSC_6647_j.jpg\"><img loading=\"lazy\" decoding=\"async\" class=\"alignnone size-full wp-image-2009\" src=\"http:\/\/tressowblog.dtp-net.de\/wp-content\/uploads\/2021\/08\/DSC_6647_j.jpg\" alt=\"DSC_6647_j\" width=\"1280\" height=\"852\" srcset=\"http:\/\/tressowblog.dtp-net.de\/wp-content\/uploads\/2021\/08\/DSC_6647_j.jpg 1280w, http:\/\/tressowblog.dtp-net.de\/wp-content\/uploads\/2021\/08\/DSC_6647_j-300x200.jpg 300w, http:\/\/tressowblog.dtp-net.de\/wp-content\/uploads\/2021\/08\/DSC_6647_j-1024x682.jpg 1024w, http:\/\/tressowblog.dtp-net.de\/wp-content\/uploads\/2021\/08\/DSC_6647_j-624x415.jpg 624w\" sizes=\"auto, (max-width: 1280px) 100vw, 1280px\" \/><\/a><\/p>\n<p>usw.<\/p>\n<p>2020: Corona tritt auf.<\/p>\n<p>Heute: Regenwetter.<\/p>\n<p>Die Inszidenzzahlen steigen weiter an. Besonders unter den 10 bis 16j\u00e4hrigen. \u00c4mmm &#8230; kein Tag ohne Neuigkeiten. Aber man muss sich schon fragen: wie werden die Ereignisse in zehn Jahren im R\u00fcckblick gesehen? Es ist schon kurios. Die Testrate bei den 10 bis 16j\u00e4hrigen d\u00fcrfte beinahe bei 100% liegen. Es ist da nat\u00fcrlich schon erstaunlich, dass da auch viele Infektionen gefunden werden. Schwere Krankheitsverl\u00e4ufe &#8211; so l\u00e4sst uns zumindest die Presse wissen, betreffen ma\u00dfgeblich ungeimpfte Pers\u00f6nlichkeiten. Und: ab Mittwoch bin ich offiziell doppelt geimpft. Und: es ist quasi der fr\u00fchestm\u00f6gliche Zeitpunkt, an dem ich offiziell doppelt geimpft sein konnte. Es war vorher gar nicht so einfach, einen Impftermin zu ergattern. Wenn man nicht gerade in einer Beh\u00f6rde angestellt war, \u00fcber 80 war, eine Vorerkrankung nachweisen konnte oder sonstige Tricks angewandt hat. Leider habe ich vor einem Jahr keine Biontech Aktien gekauft. Die w\u00e4ren heute das dreifache wert.<\/p>\n<p>&nbsp;<\/p>\n","protected":false},"excerpt":{"rendered":"<p>Es treffen ein: die Wahlbenachrichtigungen. Wir d\u00fcrfen W\u00e4hlen. Wahl findet statt am 26. September. Wir freuen uns schon sehr darauf. Nicht so sehr bin ich erfreut dar\u00fcber, dass alles, was auf dem Wahlzettel steht, eigentlich unw\u00e4hlbar ist. Ich hatte mir &#8230; <a class=\"more-link\" href=\"http:\/\/tressowblog.dtp-net.de\/?p=2004\">Read More &raquo;<\/a><\/p>\n","protected":false},"author":1,"featured_media":0,"comment_status":"open","ping_status":"open","sticky":false,"template":"","format":"standard","meta":{"footnotes":""},"categories":[1],"tags":[],"class_list":["post-2004","post","type-post","status-publish","format-standard","hentry","category-allgemein"],"_links":{"self":[{"href":"http:\/\/tressowblog.dtp-net.de\/index.php?rest_route=\/wp\/v2\/posts\/2004","targetHints":{"allow":["GET"]}}],"collection":[{"href":"http:\/\/tressowblog.dtp-net.de\/index.php?rest_route=\/wp\/v2\/posts"}],"about":[{"href":"http:\/\/tressowblog.dtp-net.de\/index.php?rest_route=\/wp\/v2\/types\/post"}],"author":[{"embeddable":true,"href":"http:\/\/tressowblog.dtp-net.de\/index.php?rest_route=\/wp\/v2\/users\/1"}],"replies":[{"embeddable":true,"href":"http:\/\/tressowblog.dtp-net.de\/index.php?rest_route=%2Fwp%2Fv2%2Fcomments&post=2004"}],"version-history":[{"count":4,"href":"http:\/\/tressowblog.dtp-net.de\/index.php?rest_route=\/wp\/v2\/posts\/2004\/revisions"}],"predecessor-version":[{"id":2013,"href":"http:\/\/tressowblog.dtp-net.de\/index.php?rest_route=\/wp\/v2\/posts\/2004\/revisions\/2013"}],"wp:attachment":[{"href":"http:\/\/tressowblog.dtp-net.de\/index.php?rest_route=%2Fwp%2Fv2%2Fmedia&parent=2004"}],"wp:term":[{"taxonomy":"category","embeddable":true,"href":"http:\/\/tressowblog.dtp-net.de\/index.php?rest_route=%2Fwp%2Fv2%2Fcategories&post=2004"},{"taxonomy":"post_tag","embeddable":true,"href":"http:\/\/tressowblog.dtp-net.de\/index.php?rest_route=%2Fwp%2Fv2%2Ftags&post=2004"}],"curies":[{"name":"wp","href":"https:\/\/api.w.org\/{rel}","templated":true}]}}