{"id":1755,"date":"2021-04-11T12:34:16","date_gmt":"2021-04-11T10:34:16","guid":{"rendered":"http:\/\/tressowblog.dtp-net.de\/?p=1755"},"modified":"2021-04-11T15:41:18","modified_gmt":"2021-04-11T13:41:18","slug":"wer-die-wahl-hat","status":"publish","type":"post","link":"http:\/\/tressowblog.dtp-net.de\/?p=1755","title":{"rendered":"Wer die Wahl hat &#8230;"},"content":{"rendered":"<p>In zwei Wochen sind Wahlen. Die Landr\u00e4tin oder der Landrat wird gew\u00e4hlt. Es stellen sich eine Kandidatin und drei Kandidaten zur Wahl. Die Kandidatin ist die Amtsinhaberin. Ihr werden die besten Chancen auf den Erfolg zugesprochen. Aber &#8230; wir wollen es uns doch nicht ganz so einfach machen, auch wenn meine Stimme nur eine von 130.000 wahlberechtigten ist. Wenn etwa die H\u00e4lfte der 130.000 von ihrem Recht Gebrauch machen, so ist meine Stimme immerhin ein f\u00fcnfundsechzigtausendstel &#8211; das sollte man nicht als zu gering erachten. Aber &#8230; wer die Wahl hat &#8230;<\/p>\n<ul>\n<li>hat die Qual<\/li>\n<li>wohnt in Quaal<\/li>\n<li>hat einen Stimmzettel<\/li>\n<\/ul>\n<p>Zus\u00e4tzlich zur Amtsinhaberin stellt sich noch ein Kandidat der Piratenpartei, einer von der Linkspartei und einer von der CDU zur Wahl. Den beiden erstgenannten d\u00fcrfte eine sehr geringe Bedeutung zukommen. Ihnen eine Stimme zu geben, d\u00fcrfte eher einen symbolischen Wert haben. Der Herr von der Piratenpartei stellt sich als Servicekraft vor. Eine Internetrepr\u00e4sentanz seiner selbst suchte ich vergeblich. Das ist ein etwas schwaches Bild f\u00fcr den Repr\u00e4sentant einer Partei, die sich eben auch die Digitalisierung auf die Fahnen geschrieben hat. Um dennoch etwas \u00fcber den Herrn zu erfahren, organisiere ich mir ein Digitalabo der Ostseezeitung. Hier erfahre ich, dass er gro\u00dfer Fan der Winkingerzeit ist und in seinem Bufdi Jahr in einer Einrichtung f\u00fcr Schwererziehbare gearbeitet hat. Er will sich f\u00fcr mehr Schulsozialarbeit einsetzen. Das ist auf jeden Fall ein guter Plan.<\/p>\n<p>Die Stra\u00dfenplakate der Amtsinhaberin und des Kontrahenten der CDU Partei sind m\u00e4\u00dfig aussagekr\u00e4ftig. Die Amtsinhaberin hat immerhin &#8222;den ganzen Kreis im Blick&#8220;. Ich studiere das Plakat sehr gr\u00fcndlich und kann den Kreis in ihrem Blick nicht erkennen. Der CDU-Mann hat immerhin eine Internetpr\u00e4senz. Dennoch &#8211; Wahlkampf, so meine Erfahrung, ist doch die aktivste Zeit einer Politikerin oder eines Politikers. Ich hake also nach.<\/p>\n<p>Um es den Kandidaten nicht allzu schwer zu machen, schreibe ich etwas Prosa und versuche mich in einfacher Fragestellung.<\/p>\n<p>Die Landr\u00e4tin bekommt die Frage:<\/p>\n<blockquote><p>Was werden Sie f\u00fcr die Schulen tun?<\/p><\/blockquote>\n<p>Der Christenmann bekommt folgenden Satz:<\/p>\n<blockquote><p>Daher meine Frage an Sie: was werden Sie tun, um unsinnige<br \/>\nB\u00fcrokratisierung &#8211; insbesondere im Bildungsbereich &#8211; aufzuheben?<\/p><\/blockquote>\n<p>Das war Karfreitag, 2. April.<\/p>\n<p>Nicht schlecht gestaunt habe ich, dass ich am gleichen Tage, also an just jenem denkw\u00fcrdigen Karfreitag, 2. April 2021 eine ausf\u00fchrliche und pers\u00f6nliche Antwort der Landr\u00e4tin erhalten habe. Ich erlaube mir ein paar Zitate daraus &#8230;<\/p>\n<blockquote><p>Ich bin sehr froh, dass es uns in den letzten Jahren trotz leerer Versprechungen von Bund und Land aus eigener Kraft gelungen ist, das Netz der Jugend- und Sozialarbeit zu halten und auch auszubauen. Sch\u00f6n w\u00e4re es, wenn wir von Bund und Land Unterst\u00fctzung bek\u00e4men, um z. B. an jeder Schule einen Schulsozialarbeiter zu installieren. Das ist mein Ziel.<br \/>\nDer Erhalt der Schulen, ihre Digitalisierung und gute Ausstattung ist Sache des Schultr\u00e4gers , also auch des Kreises. Daf\u00fcr stehe ich.<br \/>\nInhaltlich liegen alle Kompetenzen bei den L\u00e4ndern. Da sind mir die H\u00e4nde gebunden. Und der F\u00f6rderalismus l\u00e4sst gr\u00fc\u00dfen.<\/p>\n<p>&#8230;<\/p>\n<p>Ich w\u00fcrde gern viele Dinge vereinfachen und entb\u00fcrokratisieren und versuche, meine Verwaltung so b\u00fcrgerfreundlich wie m\u00f6glich zu organisieren. Ich \u00e4rgere mich \u00fcber jeden MA, der die Auslegung von Gesetzen immer nur so versteht, dem B\u00fcrger zu sagen, was alles nicht geht, anstatt herauszuarbeiten, was geht.<\/p><\/blockquote>\n<p>Ich schreibe euch dieses, weil ja unter Umst\u00e4nden die Kandidatin auch die Wahl gewinnen kann. Es k\u00f6nnte sein, dass sie in der Hektik des Alltages ihre Wahlkampfziele und -versprechungen etwas aus den Augen verliert. Weist sie also auch gerne darauf hin, falls es sinnvoll ist.<\/p>\n<p>Dass der Herr von der Glaubenspartei am Karfreitag nicht antwortet, kann ich ihm beileibe nicht \u00fcbel nehmen. Das geht f\u00fcr mich vollkommen in Ordnung.<\/p>\n<p>Ich will euch aber \u00fcber seine Antwort auch nicht im Ungewissen lassen. Am Mittwoch erreichte mich dieser Einzeiler:<\/p>\n<blockquote><p>K\u00f6nnen Sie Ihre Frage nochmals bitte konkretisieren? Ich m\u00f6chte Ihnen gerne vollumf\u00e4nglich darauf antworten.<\/p><\/blockquote>\n<p>Nebst Anrede und Gru\u00df.<\/p>\n<p>Ich habe dann wie folgt umgehend konkretisiert:<\/p>\n<blockquote><p><b>Wo sehen Sie die Hauptaufgaben im Bereich Bildung, um Kinder aus bildungsfernen Familien zu f\u00f6rdern?<\/b><\/p>\n<p>[\u00a0 ] die Digitalisierung der Schulen ist der wichtigste Aspekt, um Kinder aus bildungsfernen Familien zu f\u00f6rdern<\/p>\n<p>[\u00a0 ]\u00a0 Schulsozialarbeit muss an erster Stelle stehen, um Kinder aus bildungsfernen Familien zu f\u00f6rdern und zu integrieren<\/p>\n<p><b>Was wollen Sie tun, um Hemmnisse &#8211; insbesondere im Bildungsbereich &#8211; durch B\u00fcrokratisierung abzubauen?<\/b><\/p>\n<p>[\u00a0 ]\u00a0 Es gibt keine Hemmnisse durch B\u00fcrokratisierung im Bildungsbereich.<\/p>\n<p>[\u00a0 ]\u00a0 Ich werde mich bei der Landesregierung einsetzen, um den Schulen mehr Eigenverantwortung und Gestaltung einzur\u00e4umen.<\/p>\n<p>[\u00a0 ]\u00a0 Ich werde mich daf\u00fcr einsetzen, dass die Schul\u00e4mter mit mehr Personal ausgestattet werden<\/p><\/blockquote>\n<p>&#8230; und bin nun auf seine vollumf\u00e4ngliche Antwort gespannt.<\/p>\n<p>Wir haben ein weiteres politisches Projekt in Arbeit.<\/p>\n<p>Da nun etliche Versuche fehlgeschlagen sind die Schulranzen der Kinder leichter zu bekommen und ihnen dadurch sinnvoll zu erm\u00f6glichen auf eigener Achse bzw. aus eigener Kraft den Schulweg zu bew\u00e4ltigen, kam mir die Idee, ob wir nicht den Schulbus einfach bis vor die Haust\u00fcre fahren lassen. Es ist ja alles etwas unglaublich. Der Staat zwingt uns per Gesetz in die Schule. Die Beh\u00f6rden veranstalten dann ein Schulsystem, welches mit irrsinnigem Schulmaterial befrachtet ist &#8211; demn\u00e4chst d\u00fcrfen sie vermutlich noch einen Laptop mitschleppen &#8230;, schaffen es gleichzeitig nicht die sozialen Verh\u00e4ltnisse an den Schulen halbwegs optimal zu gestalten, erz\u00e4hlen uns, dass wir die Kinder doch bitte nicht mit dem Auto rumfahren sollen &#8230; &#8211; und: keiner f\u00fchlt sich verantwortlich.<\/p>\n<p>Wir schreiben also an die B\u00fcrgermeisterin. Dabei lernen wir, wie man so einen Beh\u00f6rdenbrief verfasst: freundlich, klar, deutlich. Wir schildern also unser Anliegen und bieten gleichzeitig an bei der L\u00f6sung behilflich zu sein. Angeblich kann der Bus hier auf der Wendeschleife nicht wenden &#8211; so haben wir mal ger\u00fcchteweise geh\u00f6rt.<\/p>\n<p>Unsere B\u00fcrgermeisterin antwortet noch am selben Tage mit ihrem Mobiltelefon:<\/p>\n<blockquote><p>Liebe Tressower Schulkinder, lieber Herr Bund,<br \/>\nEuer Anliegen zur Schulbusbef\u00f6rderung habe ich erhalten. Ihr habt es sehr nett und anschaulich formuliert. Ich werde es umgehend zur Pr\u00fcfung weiterleiten und schauen, welche M\u00f6glichkeiten der Verbesserung es gibt. Nach Pr\u00fcfung lasse ich wieder von mir h\u00f6ren. Bis dahin w\u00fcnsche ich Euch frohes Lernen- mit m\u00f6glichst viel Pr\u00e4senzunterricht.<br \/>\nBeste Gr\u00fc\u00dfe<br \/>\nEure B\u00fcrgermeisterin Anne Homann-Trieps<\/p><\/blockquote>\n","protected":false},"excerpt":{"rendered":"<p>In zwei Wochen sind Wahlen. Die Landr\u00e4tin oder der Landrat wird gew\u00e4hlt. Es stellen sich eine Kandidatin und drei Kandidaten zur Wahl. Die Kandidatin ist die Amtsinhaberin. Ihr werden die besten Chancen auf den Erfolg zugesprochen. Aber &#8230; wir wollen &#8230; <a class=\"more-link\" href=\"http:\/\/tressowblog.dtp-net.de\/?p=1755\">Read More &raquo;<\/a><\/p>\n","protected":false},"author":1,"featured_media":0,"comment_status":"open","ping_status":"open","sticky":false,"template":"","format":"standard","meta":{"footnotes":""},"categories":[1],"tags":[],"class_list":["post-1755","post","type-post","status-publish","format-standard","hentry","category-allgemein"],"_links":{"self":[{"href":"http:\/\/tressowblog.dtp-net.de\/index.php?rest_route=\/wp\/v2\/posts\/1755","targetHints":{"allow":["GET"]}}],"collection":[{"href":"http:\/\/tressowblog.dtp-net.de\/index.php?rest_route=\/wp\/v2\/posts"}],"about":[{"href":"http:\/\/tressowblog.dtp-net.de\/index.php?rest_route=\/wp\/v2\/types\/post"}],"author":[{"embeddable":true,"href":"http:\/\/tressowblog.dtp-net.de\/index.php?rest_route=\/wp\/v2\/users\/1"}],"replies":[{"embeddable":true,"href":"http:\/\/tressowblog.dtp-net.de\/index.php?rest_route=%2Fwp%2Fv2%2Fcomments&post=1755"}],"version-history":[{"count":3,"href":"http:\/\/tressowblog.dtp-net.de\/index.php?rest_route=\/wp\/v2\/posts\/1755\/revisions"}],"predecessor-version":[{"id":1760,"href":"http:\/\/tressowblog.dtp-net.de\/index.php?rest_route=\/wp\/v2\/posts\/1755\/revisions\/1760"}],"wp:attachment":[{"href":"http:\/\/tressowblog.dtp-net.de\/index.php?rest_route=%2Fwp%2Fv2%2Fmedia&parent=1755"}],"wp:term":[{"taxonomy":"category","embeddable":true,"href":"http:\/\/tressowblog.dtp-net.de\/index.php?rest_route=%2Fwp%2Fv2%2Fcategories&post=1755"},{"taxonomy":"post_tag","embeddable":true,"href":"http:\/\/tressowblog.dtp-net.de\/index.php?rest_route=%2Fwp%2Fv2%2Ftags&post=1755"}],"curies":[{"name":"wp","href":"https:\/\/api.w.org\/{rel}","templated":true}]}}