{"id":1729,"date":"2021-03-30T20:14:32","date_gmt":"2021-03-30T18:14:32","guid":{"rendered":"http:\/\/tressowblog.dtp-net.de\/?p=1729"},"modified":"2021-03-31T10:26:34","modified_gmt":"2021-03-31T08:26:34","slug":"1729","status":"publish","type":"post","link":"http:\/\/tressowblog.dtp-net.de\/?p=1729","title":{"rendered":"Brief an das Schulamt &#8211; ein Entwurf."},"content":{"rendered":"<blockquote><p><span class=\"css-901oao css-16my406 r-poiln3 r-bcqeeo r-qvutc0\">Spanier d\u00fcrfen nicht nach Malle, Deutsche aus Deutschland aber schon, aber Deutsche, die hier bleiben, erwartet evtl eine <\/span><span class=\"r-18u37iz\"><a class=\"css-4rbku5 css-18t94o4 css-901oao css-16my406 r-1n1174f r-1loqt21 r-poiln3 r-bcqeeo r-qvutc0\" dir=\"ltr\" href=\"https:\/\/twitter.com\/hashtag\/Ausgangssperre?src=hashtag_click\" data-focusable=\"true\">#Ausgangssperre<\/a><\/span><span class=\"css-901oao css-16my406 r-poiln3 r-bcqeeo r-qvutc0\">. Mit dieser Taktik werden wir Corona endg\u00fcltig verwirren und besiegen!<\/span><\/p>\n<p>Quelle: https:\/\/twitter.com\/AbdelkarimsLP\/status\/1373911279799304193?s=20<\/p><\/blockquote>\n<p>Das musste jetzt doch mal sein. Es scheint tats\u00e4chlich so zu sein, dass das Virus sich zu einem Kopfvirus mutiert, der schlimmere Folgen hat als das Virus selbst.<\/p>\n<p>Wir sind dennoch f\u00fcr ein langes Wochenende in den S\u00fcden gefahren. Anstrengend war&#8217;s. Aber auch sch\u00f6n. Besonders sch\u00f6n war auch die Einladung in die gw21.de. Wir durften das neue Bad anschauen und uns davon \u00fcberzeugen, dass die BewohnerInnen dort das beste aus der kuriosen Situation machen.<\/p>\n<p><a href=\"http:\/\/tressowblog.dtp-net.de\/wp-content\/uploads\/2021\/03\/DSC_1598.jpg\"><img loading=\"lazy\" decoding=\"async\" class=\"alignnone size-full wp-image-1746\" src=\"http:\/\/tressowblog.dtp-net.de\/wp-content\/uploads\/2021\/03\/DSC_1598.jpg\" alt=\"DSC_1598\" width=\"1280\" height=\"960\" srcset=\"http:\/\/tressowblog.dtp-net.de\/wp-content\/uploads\/2021\/03\/DSC_1598.jpg 1280w, http:\/\/tressowblog.dtp-net.de\/wp-content\/uploads\/2021\/03\/DSC_1598-300x225.jpg 300w, http:\/\/tressowblog.dtp-net.de\/wp-content\/uploads\/2021\/03\/DSC_1598-1024x768.jpg 1024w, http:\/\/tressowblog.dtp-net.de\/wp-content\/uploads\/2021\/03\/DSC_1598-624x468.jpg 624w\" sizes=\"auto, (max-width: 1280px) 100vw, 1280px\" \/><\/a><\/p>\n<p><a href=\"http:\/\/tressowblog.dtp-net.de\/wp-content\/uploads\/2021\/03\/DSC_1599.jpg\"><img loading=\"lazy\" decoding=\"async\" class=\"alignnone size-full wp-image-1747\" src=\"http:\/\/tressowblog.dtp-net.de\/wp-content\/uploads\/2021\/03\/DSC_1599.jpg\" alt=\"DSC_1599\" width=\"1280\" height=\"854\" srcset=\"http:\/\/tressowblog.dtp-net.de\/wp-content\/uploads\/2021\/03\/DSC_1599.jpg 1280w, http:\/\/tressowblog.dtp-net.de\/wp-content\/uploads\/2021\/03\/DSC_1599-300x200.jpg 300w, http:\/\/tressowblog.dtp-net.de\/wp-content\/uploads\/2021\/03\/DSC_1599-1024x683.jpg 1024w, http:\/\/tressowblog.dtp-net.de\/wp-content\/uploads\/2021\/03\/DSC_1599-624x416.jpg 624w\" sizes=\"auto, (max-width: 1280px) 100vw, 1280px\" \/><\/a><\/p>\n<p><a href=\"http:\/\/tressowblog.dtp-net.de\/wp-content\/uploads\/2021\/03\/DSC_1601.jpg\"><img loading=\"lazy\" decoding=\"async\" class=\"alignnone size-full wp-image-1748\" src=\"http:\/\/tressowblog.dtp-net.de\/wp-content\/uploads\/2021\/03\/DSC_1601.jpg\" alt=\"DSC_1601\" width=\"1280\" height=\"853\" srcset=\"http:\/\/tressowblog.dtp-net.de\/wp-content\/uploads\/2021\/03\/DSC_1601.jpg 1280w, http:\/\/tressowblog.dtp-net.de\/wp-content\/uploads\/2021\/03\/DSC_1601-300x200.jpg 300w, http:\/\/tressowblog.dtp-net.de\/wp-content\/uploads\/2021\/03\/DSC_1601-1024x682.jpg 1024w, http:\/\/tressowblog.dtp-net.de\/wp-content\/uploads\/2021\/03\/DSC_1601-624x416.jpg 624w\" sizes=\"auto, (max-width: 1280px) 100vw, 1280px\" \/><\/a><\/p>\n<p>In Holzen, m\u00fcsst ihr wissen, leben eine Menge St\u00f6rche. Die laufen dann ganz unbek\u00fcmmert in G\u00e4rten und Vorg\u00e4rten herum, sammeln sich ihr Nistzeug und fliegen wieder davon.<\/p>\n<p>Aus der Serie Briefe an das Schulamt gibt es eine Fortsetzung &#8230;<\/p>\n<p>Sehr geehrte Frau O,<br \/>\nLieber Herr G, (cc)<br \/>\nSehr geehrte Frau Ministerin Bettina Martin, (cc)<\/p>\n<p>Wir hatten k\u00fcrzlich ein sehr nettes Telefongespr\u00e4ch. Vielen Dank nochmal f\u00fcr die Zeit, die Sie sich f\u00fcr mich und mein Anliegen genommen haben.<\/p>\n<p>Gestern nun waren die Kinder nach drei Wochen Pause wieder in der Schule. Die Erkl\u00e4rungen, dass sie an Selbsttests teilnehmen d\u00fcrfen, hatten sie nat\u00fcrlich unterschrieben im Schulranzen. Allein: es gab gar keine Selbsttests. Aufgrund unseres Telefongespr\u00e4ches habe ich mir ein paar Gedanken gemacht, wie wir Ihre T\u00e4tigkeit als \u00dcberwacherin sinnvoller gestalten k\u00f6nnen. Und da ist mir auch gleich eine Idee gekommen: \u00fcberwachen Sie doch einfach mal das Wohl der Sch\u00fclerinnen und Sch\u00fcler. Die haben es verdient. Sie sind schlie\u00dflich die schw\u00e4chsten in der ganzen Kette Ministerium &#8211; Regierungsbezirk &#8211; Schulamt &#8211; Schule &#8211; Lehrer &#8230; Ich habe heute zun\u00e4chst zwei Anliegen.<\/p>\n<p>Wir fangen mal bei den Schulranzen an. Wir wohnen etwa 1,5 Kilometer von der Bushaltestelle entfernt. In den Empfehlungen f\u00fcr Eltern wird immer wieder betont, dass die Eltern ihre Kinder nicht irgendwohin fahren sollen. Ich halte diese Empfehlungen f\u00fcr sehr sinnvoll. Wir haben die Kinder schon in der Kindergartenzeit zur Selbst\u00e4ndigkeit erzogen. Das hat sich auch bew\u00e4hrt. Sie sind also durchaus in der Lage den Weg selbst\u00e4ndig zur\u00fcckzulegen. Nun werden sie allerdings neuerdings mit einem \u00fcbervollen Schulranzen auf den Weg geschickt. &#8222;Es muss alles mit&#8220; &#8211; so lautet die Devise. Der Schulranzen wiegt damit, inklusive Vesperbrot und Trinkflasche etwa 7 Kilo. Ich hab mal eben schnell gegoogelt &#8211; kennen Sie das? Man kann damit recht schnell Informationen einholen. <em>&#8222;H\u00f6chstens zehn Prozent des K\u00f6rpergewichts&#8220;, so lautet die Faustregel f\u00fcr das Gewicht eines Schulranzens. <\/em>Das war bis in die 80er Jahre eine Regel und gilt f\u00fcr normale Schulwege. Die Regel wurde quasi ersatzlos gestrichen. Ein Dank geht raus an die Schulbuchlobby: Bravo, gut gemacht! Erfahrene Orthop\u00e4den warnen nach wie vor vor zu schweren Schulranzen. Nun, ich rechne es Ihnen mal kurz vor: unsere Kinder m\u00fcssten 70 kg wiegen, damit das Maximalgewicht des Schulranzens nicht \u00fcberschritten wird. Ich habe die Kinder jetzt nicht gewogen. Adip\u00f6s sind sie nicht. Sie sind zehn Jahre alt und etwa 149 cm gro\u00df. Ihr K\u00f6rpergewicht d\u00fcrfte unter 40 kg liegen. Ihre Aufgabe lautet nun: Schulranzengewicht auf ein ertr\u00e4gliches Ma\u00df reduzieren. Auf Wunsch kann ich Ihnen gerne Lehrerinnen nennen, mit denen Sie sich austauschen k\u00f6nnen. Selbstverst\u00e4ndlich stehe ich Ihnen auch gerne f\u00fcr R\u00fccksprachen zur Verf\u00fcgung. Die Gesundheit unserer Kinder ist gef\u00e4hrdet, es eilt also. Wirklich. Sollte Ihr Vorgesetzter anderer Meinung sein, d\u00fcrfen Sie ihn auch gerne an mich verweisen.<\/p>\n<p>Am Wochenende ist Uhrverdrehung (die Uhren werden in der Nacht von Samstag auf Sonntag um eine Stunde vorgestellt). Herr Juncker hat zwar in seinen letzten Amtstagen noch daf\u00fcr gesorgt, dass dieses sinnlose und sch\u00e4dliche Relikt aus den 80er Jahren abgestellt wird, geschehen ist allerdings nichts. Die Uhrverdrehung f\u00fchrt dazu, dass die Kinder noch st\u00e4rker als ohnehin schon unter Schlafmangel leiden. Das Problem ist gravierend. Lehrerinnen und Lehrer und der gesamte Klassenverbund leiden unter Konzentrationsdefizit unausgeschlafener Kinder. Der Unterricht leidet. Ihre Aufgabe besteht nun darin daf\u00fcr zu sorgen und zu \u00fcberwachen, dass die Kinder gen\u00fcgend Schlaf bekommen. Falls Sie auf die Idee kommen zu sagen &#8222;dann m\u00fcssen die Kinder eben fr\u00fcher zu Bett gebracht werden&#8220;, kann ich Ihnen mitteilen, dass das der falsche Weg ist. Das funktioniert n\u00e4mlich nicht. Kinder haben einen nat\u00fcrlichen Schlafrhythmus, der sich an der Tageszeit orientiert und nicht an einer verdrehten Uhr. Es gilt also diesen nat\u00fcrlichen Schlafrhythmus zu ber\u00fccksichtigen. Schlafentzug, so hat man mir auch beim Kinderhilfswerk Unicef bescheinigt, ist keine Lapalie. Googeln Sie gerne mal nach dem Begriff. Es gibt bereits Schulen, die die Anfangszeiten flexibel gestalten. Tausende Kinder, Eltern und Lehrer werden Ihnen dankbar sein, wenn dieser schwere Mangel des Schulsystems beseitigt wird.<\/p>\n<p>Antwort bitte gerne per E-Mail an meine Adresse, R\u00fcckfragen nat\u00fcrlich auch gerne telefonisch.<\/p>\n<p>Bleiben Sie gesund!<\/p>\n<p>Lieber Gru\u00df,<br \/>\nWolfgang Bund<\/p>\n<p>Ein Feriengast sagt seinen Osterurlaub ab. Ich zitiere aus seiner Mail:<\/p>\n<blockquote><p>&#8230; Obwohl wir sehr gelassene und fr\u00f6hliche Menschen sind und uns nicht so schnell aufregen, machen uns die getroffenen Beschl\u00fcsse fassungslos und auch w\u00fctend. Ich kenne jemanden, der ist jetzt nach Gran Canaria geflogen und von dort auf ein Kreuzfahrtschiff gegangen. Und wir d\u00fcrfen nicht zu Ihnen kommen. Ich empfinde das als eine himmelschreiende Ungerechtigkeit. &#8230;<\/p><\/blockquote>\n<p>Dazu passt: &#8222;Seehofer h\u00e4lt an Ostergottesdiensten fest&#8220;. Diese Einstellung wird Menschen in ein paar Jahren vor lachen komplett aus den Socken hauen.<\/p>\n","protected":false},"excerpt":{"rendered":"<p>Spanier d\u00fcrfen nicht nach Malle, Deutsche aus Deutschland aber schon, aber Deutsche, die hier bleiben, erwartet evtl eine #Ausgangssperre. Mit dieser Taktik werden wir Corona endg\u00fcltig verwirren und besiegen! Quelle: https:\/\/twitter.com\/AbdelkarimsLP\/status\/1373911279799304193?s=20 Das musste jetzt doch mal sein. Es scheint tats\u00e4chlich &#8230; <a class=\"more-link\" href=\"http:\/\/tressowblog.dtp-net.de\/?p=1729\">Read More &raquo;<\/a><\/p>\n","protected":false},"author":1,"featured_media":0,"comment_status":"open","ping_status":"open","sticky":false,"template":"","format":"standard","meta":{"footnotes":""},"categories":[1],"tags":[],"class_list":["post-1729","post","type-post","status-publish","format-standard","hentry","category-allgemein"],"_links":{"self":[{"href":"http:\/\/tressowblog.dtp-net.de\/index.php?rest_route=\/wp\/v2\/posts\/1729","targetHints":{"allow":["GET"]}}],"collection":[{"href":"http:\/\/tressowblog.dtp-net.de\/index.php?rest_route=\/wp\/v2\/posts"}],"about":[{"href":"http:\/\/tressowblog.dtp-net.de\/index.php?rest_route=\/wp\/v2\/types\/post"}],"author":[{"embeddable":true,"href":"http:\/\/tressowblog.dtp-net.de\/index.php?rest_route=\/wp\/v2\/users\/1"}],"replies":[{"embeddable":true,"href":"http:\/\/tressowblog.dtp-net.de\/index.php?rest_route=%2Fwp%2Fv2%2Fcomments&post=1729"}],"version-history":[{"count":8,"href":"http:\/\/tressowblog.dtp-net.de\/index.php?rest_route=\/wp\/v2\/posts\/1729\/revisions"}],"predecessor-version":[{"id":1750,"href":"http:\/\/tressowblog.dtp-net.de\/index.php?rest_route=\/wp\/v2\/posts\/1729\/revisions\/1750"}],"wp:attachment":[{"href":"http:\/\/tressowblog.dtp-net.de\/index.php?rest_route=%2Fwp%2Fv2%2Fmedia&parent=1729"}],"wp:term":[{"taxonomy":"category","embeddable":true,"href":"http:\/\/tressowblog.dtp-net.de\/index.php?rest_route=%2Fwp%2Fv2%2Fcategories&post=1729"},{"taxonomy":"post_tag","embeddable":true,"href":"http:\/\/tressowblog.dtp-net.de\/index.php?rest_route=%2Fwp%2Fv2%2Ftags&post=1729"}],"curies":[{"name":"wp","href":"https:\/\/api.w.org\/{rel}","templated":true}]}}