{"id":1377,"date":"2020-09-06T13:57:45","date_gmt":"2020-09-06T11:57:45","guid":{"rendered":"http:\/\/tressowblog.dtp-net.de\/?p=1377"},"modified":"2020-10-04T13:59:43","modified_gmt":"2020-10-04T11:59:43","slug":"schulwoche-5","status":"publish","type":"post","link":"http:\/\/tressowblog.dtp-net.de\/?p=1377","title":{"rendered":"Schulwoche 5"},"content":{"rendered":"<p>Am Sonntag mache ich eine Fahrradcheckaktion. Am einen Fahrrad muss das R\u00fccklicht neu befestigt werden. \u00dcberall werden die Reifen nachgepumpt.<\/p>\n<p>Au\u00dferdem &#8230; die Heizungspumpe steht mal wieder still. Es ist schon die Nr. 2. Nr. 1 habe ich vor vielleicht einem Jahr ausgetauscht. Sie hat immer mal wieder komisch gerattert. Der Heizungsbauer, mit dem ich das Problem telefonisch besprochen habe und der mir einen Besuch seines Monteurs versprochen hat, hat dann doch nicht geliefert. Also habe ich mir selber eine Ersatzpumpe bestellt und diese eingebaut. Eigentlich br\u00e4uchte man Spezialwerkzeug daf\u00fcr. Hatte ich zwar nicht, habe mir dann mit Hausmitteln geholfen. Nun hakt also die Pumpe Nr. 2. Den Grund kann ich nur erahnen. M\u00f6glicherweise zirkuliert irgendein Kr\u00fcmel mit dem Heizungswasser und der verklemmt dann die Pumpe. Kann das sein? Ich wei\u00df es nicht. Ich bin kein Experte. Ich l\u00f6se also die Pumpe vorsichtig im Geh\u00e4use. Dann l\u00e4uft sie wieder.<\/p>\n<p><a href=\"http:\/\/tressowblog.dtp-net.de\/wp-content\/uploads\/2020\/09\/DSC_1039.jpg\"><img loading=\"lazy\" decoding=\"async\" class=\"alignnone size-full wp-image-1405\" src=\"http:\/\/tressowblog.dtp-net.de\/wp-content\/uploads\/2020\/09\/DSC_1039.jpg\" alt=\"DSC_1039\" width=\"1280\" height=\"852\" srcset=\"http:\/\/tressowblog.dtp-net.de\/wp-content\/uploads\/2020\/09\/DSC_1039.jpg 1280w, http:\/\/tressowblog.dtp-net.de\/wp-content\/uploads\/2020\/09\/DSC_1039-300x200.jpg 300w, http:\/\/tressowblog.dtp-net.de\/wp-content\/uploads\/2020\/09\/DSC_1039-1024x682.jpg 1024w, http:\/\/tressowblog.dtp-net.de\/wp-content\/uploads\/2020\/09\/DSC_1039-624x415.jpg 624w\" sizes=\"auto, (max-width: 1280px) 100vw, 1280px\" \/><\/a><\/p>\n<p>Am Montag gehen alle wieder in die Schule. Mehr oder weniger gesund, aber auf jeden Fall schulf\u00e4hig. Zur Mittagessenszeit \u00fcberh\u00f6re ich das Klingeln des Telefons. Dann kommt Samson etwas atemlos: Jonathans Fahrrad hat Plattluft. Hm. Also &#8211; Jonathan abholen samt Fahrrad. Nachmittags dann Flickaktion. Oha &#8230; der Defekt ist auf der Innenseite, also auf der Felgenseite des Schlauches. Hm. Vielleicht doch etwas zu heftig gepumpt?<\/p>\n<p>Es scheint Reparaturwoche zu sein.<\/p>\n<p>Am Dienstagmorgen will Samson losfahren: vorne Plattluft. Nachmittags Flickaktion &#8211; auch dieser Schlauch ist auf der Felgenseite defekt. Ich bestelle also erstmal zwei St\u00fcck neue und ordentliche Reifen von Schwalbe, Schl\u00e4uche und gleich noch Felgenband dazu. &#8211; 57 Euro. Werden zwar vermutlich auch in Fernost produziert, es sollte dann aber erstmal Ruhe sein. Die Fahrr\u00e4der werden zwar auch bald zu klein, immerhin kann man sie dann mit gutem Gewissen verkaufen.<\/p>\n<p>Ich telefoniere mit einer Fachexpertin f\u00fcr Coronaviren. Es gibt wenig Fachexperten f\u00fcr Coronaviren. Denn, wie ich wieder einmal erfahre: das Thema ist komplex. Generell passen Coronaviren und Menschen nicht zusammen. Das Coronavirus ist ein Tiervirus und dort seit Jahrtausenden in friedlicher Koexistenz zuhause. Menschen haben keinen Mechanismus, um sich langfristig vor Coronaviren zu sch\u00fctzen oder zu immunisieren. Dieser ist durch die Evolution einfach nicht angelegt. Die meisten Coronaviren sind harmlos f\u00fcr den Menschen &#8211; deswegen verbraucht er daf\u00fcr auch keine Energie des Immunsystems &#8211; anders als bei Masernviren, f\u00fcr die er einen lebenslangen Schutz entwickelt. Denn die sind gef\u00e4hrlich. Somit ist der Mensch f\u00fcr Coronaviren einfach der falsche Wirt. Daher verlaufen auch die Erkrankungen oftmals unspezifisch schwer oder leicht, mit oder ohne Langzeitfolgen. Daher ist meine Fachexpertin auch skeptisch, was die Entwicklung eines Impfmittels mit Langzeitschutz angeht. Eher wahrscheinlich ist, dass sich das Virus seinem Wirt anpasst. &#8222;Das Virus hat kein Interesse seinen Wirt zu t\u00f6ten!&#8220; &#8211; so die leicht verst\u00e4ndliche Aussage. Jetzt spricht man von einem Virus wie von einem Staatspr\u00e4sidenten, der seinen Apparat dazu benutzt teritoriale Interessen zu verfolgen. Dabei ist das Virus so ein kleines Partikelchen, das man nur mit den besten Mikroskopen sehen kann. F\u00fcr mich ist das Gespr\u00e4ch mit der Virusexpertin tats\u00e4chlich sehr hilfreich. So gab es um die vorvergangene Jahrhundertwende bereits einmal eine Epidemie, die durch Coronaviren ausgel\u00f6st wurde. Dies wei\u00df man aber nur, weil man medizinische Exponate, die in Formaldehyd aufbewahrt waren, analysiert hat. Daraus wurden Proben entnommen, Virenmaterial extrahiert und genetisch analysiert. Auch diese Epidemie ging vor\u00fcber. Also &#8211; was sagt uns das jetzt? So dumm sind die Ma\u00dfnahmen gar nicht, die seit M\u00e4rz hier und da getroffen wurden. Das Ph\u00e4nomen wird uns noch lange Zeit begleiten. Den Hoffnungen auf die schnelle Entwicklung eines Impfmittels sollte man eher mit Vorsicht begegnen.<\/p>\n<p>Erinnerungsbild &#8230; Schluchsee am 5.\/6. September vor 11 Jahren.<\/p>\n<p><a href=\"http:\/\/tressowblog.dtp-net.de\/wp-content\/uploads\/2020\/10\/DSC_0577.jpg\"><img loading=\"lazy\" decoding=\"async\" class=\"alignnone size-full wp-image-1406\" src=\"http:\/\/tressowblog.dtp-net.de\/wp-content\/uploads\/2020\/10\/DSC_0577.jpg\" alt=\"DSC_0577\" width=\"1280\" height=\"851\" srcset=\"http:\/\/tressowblog.dtp-net.de\/wp-content\/uploads\/2020\/10\/DSC_0577.jpg 1280w, http:\/\/tressowblog.dtp-net.de\/wp-content\/uploads\/2020\/10\/DSC_0577-300x199.jpg 300w, http:\/\/tressowblog.dtp-net.de\/wp-content\/uploads\/2020\/10\/DSC_0577-1024x681.jpg 1024w, http:\/\/tressowblog.dtp-net.de\/wp-content\/uploads\/2020\/10\/DSC_0577-624x415.jpg 624w\" sizes=\"auto, (max-width: 1280px) 100vw, 1280px\" \/><\/a><\/p>\n<p>Ich war damals als Beobachter auf einem Begleitboot. Es war sch\u00f6nes Wetter. Und Optiregatta. Die Kinder, die ihr hier auf der Regattabahn seht, sind heute zwanzig Jahre alt und \u00e4lter.<\/p>\n<p>Heute: die Eltern machen Ersatzlehrer und lernen mit den Kindern zuhause. Das englisch Alphabet z.B. Frage eines Kindes: wof\u00fcr braucht man das denn? Die Kinder haben als Hausaufgaben auswendig lernen von Gedichten. Es wir Mathe und Deutsch gepaukt. Zuhause. Ich erinnere mich noch sehr gut an den Schulstart vor drei Jahren. Da haben sich die Kinder auf die Schule gefreut. Sie sind mit der irrigen Ansicht gestartet, dass dort ein Lehrer bzw. eine Lehrerin ist, die sie alles fragen k\u00f6nnen. Mit der Programmschule wird auch noch dem allerletzten Kind der Wissensdurst und die Freude am Lernen genommen. Schule auf den Kopf gedreht. Heute m\u00fcssen dann auch noch die Eltern herhalten, damit die Kinder auch ja gute Noten mit nach hause bringen. Man fragt sich &#8230; Aber wundern tut man sich nicht mehr. Nat\u00fcrlich m\u00fcssen solche Menschen, denen es programmatisch ausgetrieben wird die Zufriedenheit in sich selbst zu finden, durch eigene Entdeckung der Welt z.B., die ausschlafen k\u00f6nnen, sich entfalten k\u00f6nnen, intellektuell, spielerisch, motorisch, sozial, erfinderisch &#8230;, dass diese Menschen fr\u00fcher oder sp\u00e4ter ihre Erf\u00fcllung im Konsum suchen &#8211; und nicht finden oder in tiefe Depression verfallen. Da wird weder ein Bugatti noch zwei Bugattis genug sein die Wunden zu heilen. Da hilft keine Kirche und keine Burnouttherapie. Das Potential Schule wird einfach verschenkt. Generation f\u00fcr Generation. Was w\u00e4re, wenn die Kinder in der Schule soziales Verhalten lernen w\u00fcrden? Ganz praktisch? Ihnen Wissen zur Verf\u00fcgung gestellt w\u00fcrde? Wenn sie Kinder sein d\u00fcrften? Ihren Wissensdurst befriedigen?<\/p>\n<p>Am Wochenende rode ich weiter hinter dem Schuppen. Jetzt kann man um den Schuppen herumgehen. Und ich versuche weiter Grenzpunkte zu finden. In echt finde ich sie nicht. An keiner der zahlreichen Ecken des Grundst\u00fccks. Also starte ich, ausgehend von einem selbst vermessenen Lageplan aus 1991 eine erste grobe Vermessung.<\/p>\n<p>Und das Carportdach wird nochmal befestigt. Gute 60 Euro habe ich nochmal in Spezialschrauben und Kalotten investiert. Bei der Reparatur sehe ich, wie lustig und materialsparend das Carportdach befestigt wurde. Da wurde wirklich an jeder Schraube gespart. Nicht einmal die Randwelle wurde befestigt. Dies f\u00fchrte dann dazu, dass bei Wind das Dach flatterte &#8211; und sich nach zwanzig Jahren die Befestigung l\u00f6ste &#8230;<\/p>\n<p>Ich verhandle hartn\u00e4ckig mit der WEMAG. Das ist der \u00f6rtliche Anbieter f\u00fcr das Glasfasernetz. Sie wollen mir hartn\u00e4ckig ihren Medienwandler andrehen. Den will ich nicht. Aus dem einen Grunde: er ist zu teuer. Au\u00dferdem bin ich mit einem eigenen Ger\u00e4t flexibler. Allerdings weigert sich die WEMAG hartn\u00e4ckig, selbst nach der dritten R\u00fcckfrage, die Netzwerkspezifikationen rauszur\u00fccken. Nur: da haben sie den falschen erwischt. Es gibt bundesweit gen\u00fcgend rechtskr\u00e4ftige Urteile \u00fcber die Auswahl von Endger\u00e4ten. Also schreibe ich die vierte R\u00fcckfrage. Ich werde weiter berichten.<\/p>\n","protected":false},"excerpt":{"rendered":"<p>Am Sonntag mache ich eine Fahrradcheckaktion. Am einen Fahrrad muss das R\u00fccklicht neu befestigt werden. \u00dcberall werden die Reifen nachgepumpt. Au\u00dferdem &#8230; die Heizungspumpe steht mal wieder still. Es ist schon die Nr. 2. Nr. 1 habe ich vor vielleicht &#8230; <a class=\"more-link\" href=\"http:\/\/tressowblog.dtp-net.de\/?p=1377\">Read More &raquo;<\/a><\/p>\n","protected":false},"author":1,"featured_media":0,"comment_status":"open","ping_status":"open","sticky":false,"template":"","format":"standard","meta":{"footnotes":""},"categories":[1],"tags":[],"class_list":["post-1377","post","type-post","status-publish","format-standard","hentry","category-allgemein"],"_links":{"self":[{"href":"http:\/\/tressowblog.dtp-net.de\/index.php?rest_route=\/wp\/v2\/posts\/1377","targetHints":{"allow":["GET"]}}],"collection":[{"href":"http:\/\/tressowblog.dtp-net.de\/index.php?rest_route=\/wp\/v2\/posts"}],"about":[{"href":"http:\/\/tressowblog.dtp-net.de\/index.php?rest_route=\/wp\/v2\/types\/post"}],"author":[{"embeddable":true,"href":"http:\/\/tressowblog.dtp-net.de\/index.php?rest_route=\/wp\/v2\/users\/1"}],"replies":[{"embeddable":true,"href":"http:\/\/tressowblog.dtp-net.de\/index.php?rest_route=%2Fwp%2Fv2%2Fcomments&post=1377"}],"version-history":[{"count":9,"href":"http:\/\/tressowblog.dtp-net.de\/index.php?rest_route=\/wp\/v2\/posts\/1377\/revisions"}],"predecessor-version":[{"id":1409,"href":"http:\/\/tressowblog.dtp-net.de\/index.php?rest_route=\/wp\/v2\/posts\/1377\/revisions\/1409"}],"wp:attachment":[{"href":"http:\/\/tressowblog.dtp-net.de\/index.php?rest_route=%2Fwp%2Fv2%2Fmedia&parent=1377"}],"wp:term":[{"taxonomy":"category","embeddable":true,"href":"http:\/\/tressowblog.dtp-net.de\/index.php?rest_route=%2Fwp%2Fv2%2Fcategories&post=1377"},{"taxonomy":"post_tag","embeddable":true,"href":"http:\/\/tressowblog.dtp-net.de\/index.php?rest_route=%2Fwp%2Fv2%2Ftags&post=1377"}],"curies":[{"name":"wp","href":"https:\/\/api.w.org\/{rel}","templated":true}]}}