{"id":1348,"date":"2020-08-30T21:20:07","date_gmt":"2020-08-30T19:20:07","guid":{"rendered":"http:\/\/tressowblog.dtp-net.de\/?p=1348"},"modified":"2020-08-30T21:20:07","modified_gmt":"2020-08-30T19:20:07","slug":"schulwoche-4","status":"publish","type":"post","link":"http:\/\/tressowblog.dtp-net.de\/?p=1348","title":{"rendered":"Schulwoche 4"},"content":{"rendered":"<p>Die <em>Welt<\/em> titelt &#8222;Qualit\u00e4tsstudie: In den Kitas droht Kollektivierung statt Individualisierung&#8220;, der <em>Spiegel<\/em> titelt: &#8222;Studie zu fr\u00fchkindlicher Bildung &#8211; 1,7 Millionen Kinder in Kitas &#8222;nicht kindgerecht&#8220; betreut&#8220;. Ich habe weder die Studie noch die Artikel gelesen. Fakt ist: der Missstand gilt nicht nur f\u00fcr Kitas sondern in h\u00f6chstem Ma\u00dfe f\u00fcr das gesamte sogenannte Bildungssystem der BRD und vieler anderer L\u00e4nder. Fakt ist weiterhin: dieser Missstand ist seit mehreren Jahrhunderten bekannt, gewollt und gezielt herbeigef\u00fchrt. Fakt ist: es wird sich so schnell nicht \u00e4ndern. Denn &#8211; und jetzt spule ich einfach mal ein paar Wochen zur\u00fcck &#8230; so lange Beh\u00f6rden die Obhut \u00fcber das Bildungssystem haben und hochn\u00e4sige Kultusministerinnen und Kultusminister Unfug in Lehrernewsletter texten d\u00fcrfen, d\u00fcrfen wir mit zusammengebissenen Z\u00e4hnen dem Treiben weiterhin zusehen. Ich w\u00fcrde 100 Warnwesen auf einmal anziehen, wenn sich daran nur ein Deut \u00e4ndern lie\u00dfe.<\/p>\n<p>Der Hochsommer ist hier erstmal vorbei. Die Temperatur des Seewassers f\u00e4llt seit dem Wochenende wieder sp\u00fcrbar.<\/p>\n<p>Ferieng\u00e4ste reisen fr\u00fchzeitig ab. Sie hatten sich &#8222;verbucht&#8220;. Nein, unsere Ferienwohnung ist nicht behindertengerecht. Sie tragen&#8217;s mit Fassung. Ich auch.<\/p>\n<p>Am Dienstag wird nochmal kr\u00e4ftig gegrillt. MMmmmmmmh. Sch\u00f6ner Sommer.<\/p>\n<p><a href=\"http:\/\/tressowblog.dtp-net.de\/wp-content\/uploads\/2020\/08\/DSC_1014.jpg\"><img loading=\"lazy\" decoding=\"async\" class=\"alignnone size-full wp-image-1365\" src=\"http:\/\/tressowblog.dtp-net.de\/wp-content\/uploads\/2020\/08\/DSC_1014.jpg\" alt=\"DSC_1014\" width=\"1280\" height=\"852\" srcset=\"http:\/\/tressowblog.dtp-net.de\/wp-content\/uploads\/2020\/08\/DSC_1014.jpg 1280w, http:\/\/tressowblog.dtp-net.de\/wp-content\/uploads\/2020\/08\/DSC_1014-300x200.jpg 300w, http:\/\/tressowblog.dtp-net.de\/wp-content\/uploads\/2020\/08\/DSC_1014-1024x682.jpg 1024w, http:\/\/tressowblog.dtp-net.de\/wp-content\/uploads\/2020\/08\/DSC_1014-624x415.jpg 624w\" sizes=\"auto, (max-width: 1280px) 100vw, 1280px\" \/><\/a><\/p>\n<p>Am Mittwoch reist unser Besuch mit dem Campingmobil schon wieder nach S\u00fcddeutschland ab.<\/p>\n<p>Mein Arbeitslebentag ist gemischt. Es gibt manchmal mehr und manchmal weniger kranke Kinder zuhause. Ich schlage mich mit beratungsresistenten Ionoskunden herum. Manchmal ist auch was lustiges dabei. Ich darf mitarbeiten an der Seite eines deutschen Kabarettisten. Das animiert mich dann einmal mehr einen Stapel B\u00fccher bei medimops zu bestellen.<\/p>\n<p><a href=\"http:\/\/tressowblog.dtp-net.de\/wp-content\/uploads\/2020\/08\/DSC_1015.jpg\"><img loading=\"lazy\" decoding=\"async\" class=\"alignnone size-full wp-image-1366\" src=\"http:\/\/tressowblog.dtp-net.de\/wp-content\/uploads\/2020\/08\/DSC_1015.jpg\" alt=\"DSC_1015\" width=\"1280\" height=\"852\" srcset=\"http:\/\/tressowblog.dtp-net.de\/wp-content\/uploads\/2020\/08\/DSC_1015.jpg 1280w, http:\/\/tressowblog.dtp-net.de\/wp-content\/uploads\/2020\/08\/DSC_1015-300x200.jpg 300w, http:\/\/tressowblog.dtp-net.de\/wp-content\/uploads\/2020\/08\/DSC_1015-1024x682.jpg 1024w, http:\/\/tressowblog.dtp-net.de\/wp-content\/uploads\/2020\/08\/DSC_1015-624x415.jpg 624w\" sizes=\"auto, (max-width: 1280px) 100vw, 1280px\" \/><\/a><\/p>\n<p>Am Freitag ist so eine Art Gedenktag. Vor sieben Jahren waren wir erstmals am Tressower See.<\/p>\n<p><a href=\"http:\/\/tressowblog.dtp-net.de\/wp-content\/uploads\/2020\/08\/DSC_8930.jpg\"><img loading=\"lazy\" decoding=\"async\" class=\"alignnone size-full wp-image-1362\" src=\"http:\/\/tressowblog.dtp-net.de\/wp-content\/uploads\/2020\/08\/DSC_8930.jpg\" alt=\"DSC_8930\" width=\"1280\" height=\"852\" srcset=\"http:\/\/tressowblog.dtp-net.de\/wp-content\/uploads\/2020\/08\/DSC_8930.jpg 1280w, http:\/\/tressowblog.dtp-net.de\/wp-content\/uploads\/2020\/08\/DSC_8930-300x200.jpg 300w, http:\/\/tressowblog.dtp-net.de\/wp-content\/uploads\/2020\/08\/DSC_8930-1024x682.jpg 1024w, http:\/\/tressowblog.dtp-net.de\/wp-content\/uploads\/2020\/08\/DSC_8930-624x415.jpg 624w\" sizes=\"auto, (max-width: 1280px) 100vw, 1280px\" \/><\/a><\/p>\n<p>Samson blickt hier im Alter von zwei Jahren auf seine Zukunft am Tressower See.<\/p>\n<p><a href=\"http:\/\/tressowblog.dtp-net.de\/wp-content\/uploads\/2020\/08\/DSC_8937.jpg\"><img loading=\"lazy\" decoding=\"async\" class=\"alignnone size-full wp-image-1363\" src=\"http:\/\/tressowblog.dtp-net.de\/wp-content\/uploads\/2020\/08\/DSC_8937.jpg\" alt=\"DSC_8937\" width=\"1280\" height=\"852\" srcset=\"http:\/\/tressowblog.dtp-net.de\/wp-content\/uploads\/2020\/08\/DSC_8937.jpg 1280w, http:\/\/tressowblog.dtp-net.de\/wp-content\/uploads\/2020\/08\/DSC_8937-300x200.jpg 300w, http:\/\/tressowblog.dtp-net.de\/wp-content\/uploads\/2020\/08\/DSC_8937-1024x682.jpg 1024w, http:\/\/tressowblog.dtp-net.de\/wp-content\/uploads\/2020\/08\/DSC_8937-624x415.jpg 624w\" sizes=\"auto, (max-width: 1280px) 100vw, 1280px\" \/><\/a><\/p>\n<p>Auch damals war das Haus schon zugewuchert. Die Linde steht noch und der Zaun auch.<\/p>\n<p><a href=\"http:\/\/tressowblog.dtp-net.de\/wp-content\/uploads\/2020\/08\/DSC_8942.jpg\"><img loading=\"lazy\" decoding=\"async\" class=\"alignnone size-full wp-image-1364\" src=\"http:\/\/tressowblog.dtp-net.de\/wp-content\/uploads\/2020\/08\/DSC_8942.jpg\" alt=\"DSC_8942\" width=\"1280\" height=\"852\" srcset=\"http:\/\/tressowblog.dtp-net.de\/wp-content\/uploads\/2020\/08\/DSC_8942.jpg 1280w, http:\/\/tressowblog.dtp-net.de\/wp-content\/uploads\/2020\/08\/DSC_8942-300x200.jpg 300w, http:\/\/tressowblog.dtp-net.de\/wp-content\/uploads\/2020\/08\/DSC_8942-1024x682.jpg 1024w, http:\/\/tressowblog.dtp-net.de\/wp-content\/uploads\/2020\/08\/DSC_8942-624x415.jpg 624w\" sizes=\"auto, (max-width: 1280px) 100vw, 1280px\" \/><\/a><\/p>\n<p>Und wir machen mal wieder den Ofen an.<\/p>\n<p><a href=\"http:\/\/tressowblog.dtp-net.de\/wp-content\/uploads\/2020\/08\/DSC_1017.jpg\"><img loading=\"lazy\" decoding=\"async\" class=\"alignnone size-full wp-image-1367\" src=\"http:\/\/tressowblog.dtp-net.de\/wp-content\/uploads\/2020\/08\/DSC_1017.jpg\" alt=\"DSC_1017\" width=\"1280\" height=\"852\" srcset=\"http:\/\/tressowblog.dtp-net.de\/wp-content\/uploads\/2020\/08\/DSC_1017.jpg 1280w, http:\/\/tressowblog.dtp-net.de\/wp-content\/uploads\/2020\/08\/DSC_1017-300x200.jpg 300w, http:\/\/tressowblog.dtp-net.de\/wp-content\/uploads\/2020\/08\/DSC_1017-1024x682.jpg 1024w, http:\/\/tressowblog.dtp-net.de\/wp-content\/uploads\/2020\/08\/DSC_1017-624x415.jpg 624w\" sizes=\"auto, (max-width: 1280px) 100vw, 1280px\" \/><\/a><\/p>\n<p>Es gibt R\u00f6schti mit Spiegelei.<\/p>\n<p><a href=\"http:\/\/tressowblog.dtp-net.de\/wp-content\/uploads\/2020\/08\/DSC_1018.jpg\"><img loading=\"lazy\" decoding=\"async\" class=\"alignnone size-full wp-image-1368\" src=\"http:\/\/tressowblog.dtp-net.de\/wp-content\/uploads\/2020\/08\/DSC_1018.jpg\" alt=\"DSC_1018\" width=\"1280\" height=\"852\" srcset=\"http:\/\/tressowblog.dtp-net.de\/wp-content\/uploads\/2020\/08\/DSC_1018.jpg 1280w, http:\/\/tressowblog.dtp-net.de\/wp-content\/uploads\/2020\/08\/DSC_1018-300x200.jpg 300w, http:\/\/tressowblog.dtp-net.de\/wp-content\/uploads\/2020\/08\/DSC_1018-1024x682.jpg 1024w, http:\/\/tressowblog.dtp-net.de\/wp-content\/uploads\/2020\/08\/DSC_1018-624x415.jpg 624w\" sizes=\"auto, (max-width: 1280px) 100vw, 1280px\" \/><\/a><\/p>\n<p>Der Gr\u00fcnspecht ist mal wieder da. Der Gr\u00fcnspecht ist einer der h\u00e4ufigsten Spechte in Europa, wie die Wikipedia wei\u00df. Also eigentlich nichts besonderes.<\/p>\n<p><a href=\"http:\/\/tressowblog.dtp-net.de\/wp-content\/uploads\/2020\/08\/DSC_1019.jpg\"><img loading=\"lazy\" decoding=\"async\" class=\"alignnone size-full wp-image-1369\" src=\"http:\/\/tressowblog.dtp-net.de\/wp-content\/uploads\/2020\/08\/DSC_1019.jpg\" alt=\"DSC_1019\" width=\"1280\" height=\"853\" srcset=\"http:\/\/tressowblog.dtp-net.de\/wp-content\/uploads\/2020\/08\/DSC_1019.jpg 1280w, http:\/\/tressowblog.dtp-net.de\/wp-content\/uploads\/2020\/08\/DSC_1019-300x200.jpg 300w, http:\/\/tressowblog.dtp-net.de\/wp-content\/uploads\/2020\/08\/DSC_1019-1024x682.jpg 1024w, http:\/\/tressowblog.dtp-net.de\/wp-content\/uploads\/2020\/08\/DSC_1019-624x416.jpg 624w\" sizes=\"auto, (max-width: 1280px) 100vw, 1280px\" \/><\/a><\/p>\n<p>Hier ein Bild im Flug&#8230;<\/p>\n<p><a href=\"http:\/\/tressowblog.dtp-net.de\/wp-content\/uploads\/2020\/08\/DSC_1020.jpg\"><img loading=\"lazy\" decoding=\"async\" class=\"alignnone size-full wp-image-1370\" src=\"http:\/\/tressowblog.dtp-net.de\/wp-content\/uploads\/2020\/08\/DSC_1020.jpg\" alt=\"DSC_1020\" width=\"1280\" height=\"853\" srcset=\"http:\/\/tressowblog.dtp-net.de\/wp-content\/uploads\/2020\/08\/DSC_1020.jpg 1280w, http:\/\/tressowblog.dtp-net.de\/wp-content\/uploads\/2020\/08\/DSC_1020-300x200.jpg 300w, http:\/\/tressowblog.dtp-net.de\/wp-content\/uploads\/2020\/08\/DSC_1020-1024x682.jpg 1024w, http:\/\/tressowblog.dtp-net.de\/wp-content\/uploads\/2020\/08\/DSC_1020-624x416.jpg 624w\" sizes=\"auto, (max-width: 1280px) 100vw, 1280px\" \/><\/a><\/p>\n<p>Am Samstag rief eine Menschengruppe, die sich sehr innovativ mit einer Vorwahl schm\u00fcckt in Berlin zu einer sogenannten Demonstration gegen Corona auf. Eine sehr kuriose Versammlung. Nur mit M\u00fche kann man sich ein Video vom Auftritt des Chefdemonstranten oder Demonstrantenchefs anschauen (&#8222;&#8230; dann beendet die Bev\u00f6lkerung die Pandemie &#8230; im Oktober wird neu gew\u00e4hlt &#8230;&#8220;). Es ist nicht un\u00fcblich, dass Veranstalter und Polizei mit verschiedenen Z\u00e4hlungen der Teilnehmenden aufwarten. Vor vier Wochen behauptete der Veranstalter, dass mindestens 800.000 bis 1,3 Mio. Menschen teilgenommen haben. Die Polizei sprach von 20.000. Diese Diskrepanz ist dann doch etwas bedenklich. Im Schatten der Verwirrten segelten dann Rechtsextremisten aus ganz Europa herbei. F\u00fcr das sanfte Gem\u00fct wird nicht so recht ersichtlich, dass hier eine neue Weltordnung geschaffen wird. Was dennoch nachdenklich machen kann, ist die Tatsache, dass den Wirrk\u00f6pfen immerhin etwa 30.000 Menschen folgen &#8211; das ist nur die Zahl derjenigen, die als Schlachtenbummler unterwegs sind. Sei es aus Langeweile, sei es aus \u00dcberzeugung. Ich zitiere einmal Martin Sonneborn aus einem Interview mit der S\u00fcddeutschen Zeitung: &#8222;Fr\u00fcher gab es auch Idioten. Aber die wurden im Dorf einfach ignoriert. Heute k\u00f6nnen sich alle Idioten vernetzen. Viel mehr Idioten k\u00f6nnen sich \u00e4u\u00dfern.&#8220;<\/p>\n<p>Am Wochenende gibt es nochmal wundersch\u00f6nes Sp\u00e4tsommerwetter. Samson bl\u00e4st das SUP nochmal auf. Am Samstag gibt es einen Drau\u00dfentag. Ich decke das Brennholz ab, richte notd\u00fcrftig das Carportdach, bestelle weiteres Befestigungsmaterial. Die Kinder haben die Initiative hinter dem Carport zu roden. Wir kommen immerhin bis zur Grundst\u00fccksgrenze auf der einen Seite und fast hinter den Holzlagerplatz zur anderen Seite. Ich tr\u00e4ume von einem neuen Carport. Riesig. Platz f\u00fcr drei Fahrzeuge, Platz f\u00fcr den Rasentrecker und die Fahrr\u00e4der.<\/p>\n<p><a href=\"http:\/\/tressowblog.dtp-net.de\/wp-content\/uploads\/2020\/08\/DSC_1021.jpg\"><img loading=\"lazy\" decoding=\"async\" class=\"alignnone size-full wp-image-1371\" src=\"http:\/\/tressowblog.dtp-net.de\/wp-content\/uploads\/2020\/08\/DSC_1021.jpg\" alt=\"DSC_1021\" width=\"1280\" height=\"852\" srcset=\"http:\/\/tressowblog.dtp-net.de\/wp-content\/uploads\/2020\/08\/DSC_1021.jpg 1280w, http:\/\/tressowblog.dtp-net.de\/wp-content\/uploads\/2020\/08\/DSC_1021-300x200.jpg 300w, http:\/\/tressowblog.dtp-net.de\/wp-content\/uploads\/2020\/08\/DSC_1021-1024x682.jpg 1024w, http:\/\/tressowblog.dtp-net.de\/wp-content\/uploads\/2020\/08\/DSC_1021-624x415.jpg 624w\" sizes=\"auto, (max-width: 1280px) 100vw, 1280px\" \/><\/a><\/p>\n<p><a href=\"http:\/\/tressowblog.dtp-net.de\/wp-content\/uploads\/2020\/08\/DSC_1022.jpg\"><img loading=\"lazy\" decoding=\"async\" class=\"alignnone size-full wp-image-1372\" src=\"http:\/\/tressowblog.dtp-net.de\/wp-content\/uploads\/2020\/08\/DSC_1022.jpg\" alt=\"DSC_1022\" width=\"1280\" height=\"852\" srcset=\"http:\/\/tressowblog.dtp-net.de\/wp-content\/uploads\/2020\/08\/DSC_1022.jpg 1280w, http:\/\/tressowblog.dtp-net.de\/wp-content\/uploads\/2020\/08\/DSC_1022-300x200.jpg 300w, http:\/\/tressowblog.dtp-net.de\/wp-content\/uploads\/2020\/08\/DSC_1022-1024x682.jpg 1024w, http:\/\/tressowblog.dtp-net.de\/wp-content\/uploads\/2020\/08\/DSC_1022-624x415.jpg 624w\" sizes=\"auto, (max-width: 1280px) 100vw, 1280px\" \/><\/a><\/p>\n<p><a href=\"http:\/\/tressowblog.dtp-net.de\/wp-content\/uploads\/2020\/08\/DSC_1023.jpg\"><img loading=\"lazy\" decoding=\"async\" class=\"alignnone size-full wp-image-1373\" src=\"http:\/\/tressowblog.dtp-net.de\/wp-content\/uploads\/2020\/08\/DSC_1023.jpg\" alt=\"DSC_1023\" width=\"1280\" height=\"852\" srcset=\"http:\/\/tressowblog.dtp-net.de\/wp-content\/uploads\/2020\/08\/DSC_1023.jpg 1280w, http:\/\/tressowblog.dtp-net.de\/wp-content\/uploads\/2020\/08\/DSC_1023-300x200.jpg 300w, http:\/\/tressowblog.dtp-net.de\/wp-content\/uploads\/2020\/08\/DSC_1023-1024x682.jpg 1024w, http:\/\/tressowblog.dtp-net.de\/wp-content\/uploads\/2020\/08\/DSC_1023-624x415.jpg 624w\" sizes=\"auto, (max-width: 1280px) 100vw, 1280px\" \/><\/a><\/p>\n<p>Am Sonntag nochmals: wunderbares Wetter. Eigentlich sollten wir segeln gehen &#8230; &#8211; alle fahren nochmal eine Runde mit dem SUP, Jonathan geht auf Barsch, das Segelboot ist nochmal unterwegs und wir machen Picknick mit Seesicht.<\/p>\n<p><a href=\"http:\/\/tressowblog.dtp-net.de\/wp-content\/uploads\/2020\/08\/DSC_1024.jpg\"><img loading=\"lazy\" decoding=\"async\" class=\"alignnone size-full wp-image-1374\" src=\"http:\/\/tressowblog.dtp-net.de\/wp-content\/uploads\/2020\/08\/DSC_1024.jpg\" alt=\"DSC_1024\" width=\"1280\" height=\"853\" srcset=\"http:\/\/tressowblog.dtp-net.de\/wp-content\/uploads\/2020\/08\/DSC_1024.jpg 1280w, http:\/\/tressowblog.dtp-net.de\/wp-content\/uploads\/2020\/08\/DSC_1024-300x200.jpg 300w, http:\/\/tressowblog.dtp-net.de\/wp-content\/uploads\/2020\/08\/DSC_1024-1024x682.jpg 1024w, http:\/\/tressowblog.dtp-net.de\/wp-content\/uploads\/2020\/08\/DSC_1024-624x416.jpg 624w\" sizes=\"auto, (max-width: 1280px) 100vw, 1280px\" \/><\/a><\/p>\n<p>Abends gibt es Pflaumenkuchen. Von selbst geklauten Pflaumen. Zwischen G\u00e4gelow und Zierow stehen Pflaumenb\u00e4ume an der Stra\u00dfe. Eine Pflaumenallee. Da haben wir uns ein wenig bedient. Die Ernte war aber doch eher m\u00fchsam und sp\u00e4rlich. Au\u00dferdem gehen die Mecklenburger Pflaumen schwer vom Stein.<\/p>\n","protected":false},"excerpt":{"rendered":"<p>Die Welt titelt &#8222;Qualit\u00e4tsstudie: In den Kitas droht Kollektivierung statt Individualisierung&#8220;, der Spiegel titelt: &#8222;Studie zu fr\u00fchkindlicher Bildung &#8211; 1,7 Millionen Kinder in Kitas &#8222;nicht kindgerecht&#8220; betreut&#8220;. Ich habe weder die Studie noch die Artikel gelesen. Fakt ist: der Missstand &#8230; <a class=\"more-link\" href=\"http:\/\/tressowblog.dtp-net.de\/?p=1348\">Read More &raquo;<\/a><\/p>\n","protected":false},"author":1,"featured_media":0,"comment_status":"open","ping_status":"open","sticky":false,"template":"","format":"standard","meta":{"footnotes":""},"categories":[1],"tags":[],"class_list":["post-1348","post","type-post","status-publish","format-standard","hentry","category-allgemein"],"_links":{"self":[{"href":"http:\/\/tressowblog.dtp-net.de\/index.php?rest_route=\/wp\/v2\/posts\/1348","targetHints":{"allow":["GET"]}}],"collection":[{"href":"http:\/\/tressowblog.dtp-net.de\/index.php?rest_route=\/wp\/v2\/posts"}],"about":[{"href":"http:\/\/tressowblog.dtp-net.de\/index.php?rest_route=\/wp\/v2\/types\/post"}],"author":[{"embeddable":true,"href":"http:\/\/tressowblog.dtp-net.de\/index.php?rest_route=\/wp\/v2\/users\/1"}],"replies":[{"embeddable":true,"href":"http:\/\/tressowblog.dtp-net.de\/index.php?rest_route=%2Fwp%2Fv2%2Fcomments&post=1348"}],"version-history":[{"count":5,"href":"http:\/\/tressowblog.dtp-net.de\/index.php?rest_route=\/wp\/v2\/posts\/1348\/revisions"}],"predecessor-version":[{"id":1376,"href":"http:\/\/tressowblog.dtp-net.de\/index.php?rest_route=\/wp\/v2\/posts\/1348\/revisions\/1376"}],"wp:attachment":[{"href":"http:\/\/tressowblog.dtp-net.de\/index.php?rest_route=%2Fwp%2Fv2%2Fmedia&parent=1348"}],"wp:term":[{"taxonomy":"category","embeddable":true,"href":"http:\/\/tressowblog.dtp-net.de\/index.php?rest_route=%2Fwp%2Fv2%2Fcategories&post=1348"},{"taxonomy":"post_tag","embeddable":true,"href":"http:\/\/tressowblog.dtp-net.de\/index.php?rest_route=%2Fwp%2Fv2%2Ftags&post=1348"}],"curies":[{"name":"wp","href":"https:\/\/api.w.org\/{rel}","templated":true}]}}