{"id":1243,"date":"2020-06-20T20:38:44","date_gmt":"2020-06-20T18:38:44","guid":{"rendered":"http:\/\/tressowblog.dtp-net.de\/?p=1243"},"modified":"2020-06-21T12:01:25","modified_gmt":"2020-06-21T10:01:25","slug":"woche-14-ist-kuerzer","status":"publish","type":"post","link":"http:\/\/tressowblog.dtp-net.de\/?p=1243","title":{"rendered":"Woche 14 ist k\u00fcrzer"},"content":{"rendered":"<p>Zuallerallererst &#8230; ein ganz wichtiges Dementi! Ich habe schon \u00fcberlegt, ob ich einen Extrabeitrag ver\u00f6ffentlichen muss. Das Wismarer Stadtmuseum hat nicht geschlossen. Es hat ge\u00f6ffnet. Ich hoffe ich habe mit meinem Beitrag der letzten Woche nicht viele Besucher davon abgehalten das Wismarer Stadtmuseum zu besuchen. Holt diesen geplanten Besuch in jedem Falle nach!<\/p>\n<p>Sonntag &#8211; die Ferieng\u00e4ste reisen ab. Ganz ganz fr\u00fch. Und wollen n\u00e4chstes Jahr wieder kommen. Wir freuen uns schon darauf. Also einmal durch die Ferienwohnung gehen und dann die neue Duschstange montieren. Funktioniert soweit alles. Sieht gut aus.<\/p>\n<p>Montag ist wieder herrlichstes Wetter. So gegen halbneun denke ich, dass die Kinder ja quasi Ferien haben und das Fr\u00fchst\u00fcck machen k\u00f6nnten. Ich frage freundlich und schon stehen zwei heranwachsende Jungs da und machen Fr\u00fchst\u00fcck. Drau\u00dfen. Sehr sch\u00f6n.<\/p>\n<p><a href=\"http:\/\/tressowblog.dtp-net.de\/wp-content\/uploads\/2020\/06\/DSC_0740.jpg\"><img loading=\"lazy\" decoding=\"async\" class=\"alignnone size-full wp-image-1246\" src=\"http:\/\/tressowblog.dtp-net.de\/wp-content\/uploads\/2020\/06\/DSC_0740.jpg\" alt=\"DSC_0740\" width=\"1280\" height=\"852\" srcset=\"http:\/\/tressowblog.dtp-net.de\/wp-content\/uploads\/2020\/06\/DSC_0740.jpg 1280w, http:\/\/tressowblog.dtp-net.de\/wp-content\/uploads\/2020\/06\/DSC_0740-300x200.jpg 300w, http:\/\/tressowblog.dtp-net.de\/wp-content\/uploads\/2020\/06\/DSC_0740-1024x682.jpg 1024w, http:\/\/tressowblog.dtp-net.de\/wp-content\/uploads\/2020\/06\/DSC_0740-624x415.jpg 624w\" sizes=\"auto, (max-width: 1280px) 100vw, 1280px\" \/><\/a><\/p>\n<p>Warum erw\u00e4hne ich so eine Banalit\u00e4t? Als Erziehungsberechtigter ist man manchmal geneigt mit seinem Schicksal zu hadern. Man ist st\u00e4ndig unterwegs, st\u00e4ndig besch\u00e4ftigt. Immer liegt \u00fcberall irgendwelcher Pr\u00f6tt rum. Man muss sich \u00fcberlegen, wann es denn was zu essen gibt und sich darum k\u00fcmmern, dass auch was zu essen da ist. Und wozu das alles? Nein &#8211; das ist ja &#8211; wie schon bekannt &#8211; eh die falsche Sichtweise. Es gibt eben dann doch die Momente, an denen merkt: sie sind nicht bequem und faul, sie sind willig und klug. Aber sie sind eben Kinder. Man darf von ihnen nicht erwarten, dass sie sich wie \u00dcbererwachsene benehmen. Sie leben im Moment. Und dann decken sie drau\u00dfen das Fr\u00fchst\u00fcck und wir fr\u00fchst\u00fccken wie die K\u00f6nige.<\/p>\n<p>Zum Mittagessen gibt es Grie\u00dfbrei mit zweifarbigem Wackelpudding.<\/p>\n<p><a href=\"http:\/\/tressowblog.dtp-net.de\/wp-content\/uploads\/2020\/06\/DSC_0741.jpg\"><img loading=\"lazy\" decoding=\"async\" class=\"alignnone size-full wp-image-1247\" src=\"http:\/\/tressowblog.dtp-net.de\/wp-content\/uploads\/2020\/06\/DSC_0741.jpg\" alt=\"DSC_0741\" width=\"1280\" height=\"852\" srcset=\"http:\/\/tressowblog.dtp-net.de\/wp-content\/uploads\/2020\/06\/DSC_0741.jpg 1280w, http:\/\/tressowblog.dtp-net.de\/wp-content\/uploads\/2020\/06\/DSC_0741-300x200.jpg 300w, http:\/\/tressowblog.dtp-net.de\/wp-content\/uploads\/2020\/06\/DSC_0741-1024x682.jpg 1024w, http:\/\/tressowblog.dtp-net.de\/wp-content\/uploads\/2020\/06\/DSC_0741-624x415.jpg 624w\" sizes=\"auto, (max-width: 1280px) 100vw, 1280px\" \/><\/a><\/p>\n<p>Von Jonathan gibt es einen Daumen nach oben. Allerdings auch nur, bis er auf die Idee kommt beides zu vermischen. Also hier der Tipp: wenn ihr frischen warmen Grie\u00dfbrei habt, vermischt den besser nicht mit dem kalten Wackelpudding.<\/p>\n<p>Ich bekomme Kenntnis von einer Mail, in der steht, dass der Empf\u00e4nger etwas tun soll, was f\u00fcr das Seelenheil unerl\u00e4sslich ist. Ich schreibe dies so etwas sperrig, damit niemand auf die Idee kommt auf den Ursprung bzw. den Verfasser zu schlie\u00dfen. Da mache ich mir Gedanken, was denn alles f\u00fcr mein Seelenheil unerl\u00e4sslich ist und vor allem, wer daf\u00fcr zust\u00e4ndig ist. M\u00f6glicherweise ist die Frage des Seelenheils doch recht individuell. Ob es gut bei der Kundschaft ankommen w\u00fcrde, wenn ich mitteilen w\u00fcrde: &#8222;lassen Sie Ihre Website bei mir machen, das ist gut f\u00fcr Ihr Seelenheil&#8220;? Sicherlich sind Zweifel angebracht, wenn der Schreiber ein mentales und\/oder monet\u00e4res Interesse an meinem Seelenheil hat. Ein Pfarrer zum Beispiel, zieht seine berufliche Existenzberechtigung und sein Einkommen daraus, dass es gen\u00fcgend Menschen gibt, f\u00fcr deren Seelenheil er sich zust\u00e4ndig f\u00fchlen darf. Es ist ein Gesch\u00e4ft. Wie das eines Autohauses. Das Autohaus wirbt auch damit, dass es die geliebte Karre in Schwung h\u00e4lt. Ob man Interessen von Mobilit\u00e4t und Seelenheil in eine Kiste werfen kann? Naja. Lassen wir das.<\/p>\n<p>Dienstag &#8211; ich bin zwar noch nicht wirklich fit. Gestern hatte ich mir frei genommen &#8211; irgendso eine Sommerunp\u00e4sslichkeit (nein, kein Corvid19). Im Bereich Arbeitsplanung vom Segelverein war ein Task offen &#8222;Deck streichen Dynamite&#8220;. Also habe ich mich eingetragen. Es waren dann recht l\u00e4ssige zwei Stunden mit Friederike. Danach war das Deck gestrichen. Tolle Arbeitsplanung, tolle Organisation, toller Support.<\/p>\n<p>Mittwoch &#8211; der letzte Schultag. Ich hatte abends vergessen die Kinder zu fragen, ob sie mit dem Fahrrad oder dem Bus zur Schule fahren wollen. Nach dem Wecken war einer der Ansicht, er wolle mit dem Bus fahren, der andere wollte mit dem Fahrrad fahren. Kurz drauf waren sie sich einig: wir fahren mit dem Fahrrad. Welch kluge Entscheidung bei dem herrlichen Wetter. Da es an meinem Arbeitsplatz schon 25 Grad hatte, habe ich mich um Fliegengitter gek\u00fcmmert und konnte nun immerhin die Fenster auf machen. Sehr angenehm. Die Kinder kamen mit Zeugnissen. Schnitt in beiden Zeugnissen 1,692, ohne Kopfnoten 1,555. Viel zu meckern gibt es da nicht. Wir fahren noch in die Musikschule. Dort gibt es keine Zeugnisse dieses Jahr. Dann fange ich noch an die Ferienwohnung herzurichten. Morgen kommen G\u00e4ste. Au\u00dferdem ist Badewetter.<\/p>\n<p>Donnerstag ist fr\u00fchbaden &#8211; auch dieses: es ist wie Urlaub.<\/p>\n<p>Samstag ist auch wieder fr\u00fchbaden, allerdings dann doch erst um halb zehn. Ich nehme endlich die Kamera mit, um diese wunderbare und historische Botschaft zu fotografieren.<\/p>\n<p><a href=\"http:\/\/tressowblog.dtp-net.de\/wp-content\/uploads\/2020\/06\/DSC_0743.jpg\"><img loading=\"lazy\" decoding=\"async\" class=\"alignnone size-full wp-image-1248\" src=\"http:\/\/tressowblog.dtp-net.de\/wp-content\/uploads\/2020\/06\/DSC_0743.jpg\" alt=\"DSC_0743\" width=\"1280\" height=\"852\" srcset=\"http:\/\/tressowblog.dtp-net.de\/wp-content\/uploads\/2020\/06\/DSC_0743.jpg 1280w, http:\/\/tressowblog.dtp-net.de\/wp-content\/uploads\/2020\/06\/DSC_0743-300x200.jpg 300w, http:\/\/tressowblog.dtp-net.de\/wp-content\/uploads\/2020\/06\/DSC_0743-1024x682.jpg 1024w, http:\/\/tressowblog.dtp-net.de\/wp-content\/uploads\/2020\/06\/DSC_0743-624x415.jpg 624w\" sizes=\"auto, (max-width: 1280px) 100vw, 1280px\" \/><\/a><\/p>\n<p>Man kann wohl hoffen, dass nicht allzuviel Menschen den Text darauf lesen und versuchen ihn zu verstehen und versuchen den Sinn zu verstehen, der hinter dem Text steht. Wohl hat sich jemand hier sehr bem\u00fcht. An allen Ecken und Enden trifft man in diesen Tagen auf solche R\u00e4tsel.<\/p>\n<p>\u00dcberhaupt scheint mir Corona doch sehr eine Kopfkrankheit zu sein. Man liest wirklich viel. Und man liest erstaunlich wenig Substantielles. So wird seit Monaten mit Infektionszahlen hantiert. Kaum eine Statistik, die die Infektionszahlen ins Verh\u00e4ltnis zur Bev\u00f6lkerungszahl setzt. Die Infektionszahl pro 100.000 Einwohner ist da schon eine Ausnahme. Aber wisst ihr zum Beispiel, um wieviel die Infektionszahlen in den Vereinigten Staaten h\u00f6her ist als in Deutschland? Ich habe f\u00fcr euch mal nachgerechnet. In Deutschland werden derzeit etwa 0,65 Infektionen pro 100.000 Einwohner registriert, in den USA sind es 7,86. Kritisch wird es nach derzeitiger offizieller Verlautbarung bei 50 Erkrankungen pro 100.000 Einwohner und Woche. Damit liegen die Vereinigten Staaten knapp dr\u00fcber (55,02), Deutschland deutlich darunter (4,58) wobei es lokal enorme Unterschiede gibt.<\/p>\n<p>Der DPD bringt ein neues Gadget. Einen Multiapparat, mit dem man Hecke schneiden kann, Motorsensen kann, Hochentasten kann und Rasen trimmen kann. Eigentlich habe ich das Ger\u00e4t zum Motorsensen, Hochentasten und Rasen trimmen bestellt. Da heute aber eh Hecke schneiden auf dem Programm stand, habe ich das Ding mal zusammen montiert. Ich habe mich extra f\u00fcr ein etwas hochpreisigeres Ger\u00e4t entschieden. Es h\u00e4tte zwar noch die orange schw\u00e4bische Version aus Waiblingen gegeben, die w\u00e4re aber so deutlich teurer gewesen, dass ich davon Abstand genommen habe. Schlie\u00dflich will ich das Ger\u00e4t nur ein paar Stunden im Jahr einsetzen. Auf dem Karton, den der DPD da gebracht hat, steht gro\u00df &#8222;Germany&#8220; &#8211; und sehr klein &#8222;Made in China&#8220;. Naja. Nichts anderes hatte ich erwartet. Das Ding war schnell zusammen montiert. Dann ging es knatternd an die Hecke. Und naja &#8211; was soll ich sagen. Es funktioniert. Die andere H\u00e4lfte der Hecke habe ich dann mit einer elektrischen Heckenschere geschnitten. Und &#8211; was soll ich sagen? Es geht besser.<\/p>\n<p><a href=\"http:\/\/tressowblog.dtp-net.de\/wp-content\/uploads\/2020\/06\/DSC_0744.jpg\"><img loading=\"lazy\" decoding=\"async\" class=\"alignnone size-full wp-image-1249\" src=\"http:\/\/tressowblog.dtp-net.de\/wp-content\/uploads\/2020\/06\/DSC_0744.jpg\" alt=\"DSC_0744\" width=\"1280\" height=\"852\" srcset=\"http:\/\/tressowblog.dtp-net.de\/wp-content\/uploads\/2020\/06\/DSC_0744.jpg 1280w, http:\/\/tressowblog.dtp-net.de\/wp-content\/uploads\/2020\/06\/DSC_0744-300x200.jpg 300w, http:\/\/tressowblog.dtp-net.de\/wp-content\/uploads\/2020\/06\/DSC_0744-1024x682.jpg 1024w, http:\/\/tressowblog.dtp-net.de\/wp-content\/uploads\/2020\/06\/DSC_0744-624x415.jpg 624w\" sizes=\"auto, (max-width: 1280px) 100vw, 1280px\" \/><\/a><\/p>\n<p><a href=\"http:\/\/tressowblog.dtp-net.de\/wp-content\/uploads\/2020\/06\/DSC_0745.jpg\"><img loading=\"lazy\" decoding=\"async\" class=\"alignnone size-full wp-image-1250\" src=\"http:\/\/tressowblog.dtp-net.de\/wp-content\/uploads\/2020\/06\/DSC_0745.jpg\" alt=\"DSC_0745\" width=\"1280\" height=\"852\" srcset=\"http:\/\/tressowblog.dtp-net.de\/wp-content\/uploads\/2020\/06\/DSC_0745.jpg 1280w, http:\/\/tressowblog.dtp-net.de\/wp-content\/uploads\/2020\/06\/DSC_0745-300x200.jpg 300w, http:\/\/tressowblog.dtp-net.de\/wp-content\/uploads\/2020\/06\/DSC_0745-1024x682.jpg 1024w, http:\/\/tressowblog.dtp-net.de\/wp-content\/uploads\/2020\/06\/DSC_0745-624x415.jpg 624w\" sizes=\"auto, (max-width: 1280px) 100vw, 1280px\" \/><\/a><\/p>\n<p>Hier noch ein historisches Bild. So sah die Hecke im Februar 2015 aus.<\/p>\n<p><a href=\"http:\/\/tressowblog.dtp-net.de\/wp-content\/uploads\/2020\/06\/DSC_4068.jpg\"><img loading=\"lazy\" decoding=\"async\" class=\"alignnone size-full wp-image-1259\" src=\"http:\/\/tressowblog.dtp-net.de\/wp-content\/uploads\/2020\/06\/DSC_4068.jpg\" alt=\"DSC_4068\" width=\"1280\" height=\"852\" srcset=\"http:\/\/tressowblog.dtp-net.de\/wp-content\/uploads\/2020\/06\/DSC_4068.jpg 1280w, http:\/\/tressowblog.dtp-net.de\/wp-content\/uploads\/2020\/06\/DSC_4068-300x200.jpg 300w, http:\/\/tressowblog.dtp-net.de\/wp-content\/uploads\/2020\/06\/DSC_4068-1024x682.jpg 1024w, http:\/\/tressowblog.dtp-net.de\/wp-content\/uploads\/2020\/06\/DSC_4068-624x415.jpg 624w\" sizes=\"auto, (max-width: 1280px) 100vw, 1280px\" \/><\/a><\/p>\n<p>Dies ist ein Bild vom April 2015<\/p>\n<p><a href=\"http:\/\/tressowblog.dtp-net.de\/wp-content\/uploads\/2020\/06\/DSC_4344.jpg\"><img loading=\"lazy\" decoding=\"async\" class=\"alignnone size-full wp-image-1260\" src=\"http:\/\/tressowblog.dtp-net.de\/wp-content\/uploads\/2020\/06\/DSC_4344.jpg\" alt=\"DSC_4344\" width=\"1280\" height=\"852\" srcset=\"http:\/\/tressowblog.dtp-net.de\/wp-content\/uploads\/2020\/06\/DSC_4344.jpg 1280w, http:\/\/tressowblog.dtp-net.de\/wp-content\/uploads\/2020\/06\/DSC_4344-300x200.jpg 300w, http:\/\/tressowblog.dtp-net.de\/wp-content\/uploads\/2020\/06\/DSC_4344-1024x682.jpg 1024w, http:\/\/tressowblog.dtp-net.de\/wp-content\/uploads\/2020\/06\/DSC_4344-624x415.jpg 624w\" sizes=\"auto, (max-width: 1280px) 100vw, 1280px\" \/><\/a><\/p>\n<p>Es ist sozusagen das Jahr f\u00fcnf der Hecke. Das Ziel, das ich vor mehr als f\u00fcnf Jahren vor Augen hatte ist eigentlich erreicht. Die Hecke ist kleiner. Und sie ist dicht. Es bleibt allerdings eine Aufgabe, die Botanik auf dem Gel\u00e4nde in Zaum zu halten.<\/p>\n<p>Ich schreibe den Beitrag heute schon. Morgen habe ich was vor.<\/p>\n","protected":false},"excerpt":{"rendered":"<p>Zuallerallererst &#8230; ein ganz wichtiges Dementi! Ich habe schon \u00fcberlegt, ob ich einen Extrabeitrag ver\u00f6ffentlichen muss. Das Wismarer Stadtmuseum hat nicht geschlossen. Es hat ge\u00f6ffnet. Ich hoffe ich habe mit meinem Beitrag der letzten Woche nicht viele Besucher davon abgehalten &#8230; <a class=\"more-link\" href=\"http:\/\/tressowblog.dtp-net.de\/?p=1243\">Read More &raquo;<\/a><\/p>\n","protected":false},"author":1,"featured_media":0,"comment_status":"open","ping_status":"open","sticky":false,"template":"","format":"standard","meta":{"footnotes":""},"categories":[1],"tags":[],"class_list":["post-1243","post","type-post","status-publish","format-standard","hentry","category-allgemein"],"_links":{"self":[{"href":"http:\/\/tressowblog.dtp-net.de\/index.php?rest_route=\/wp\/v2\/posts\/1243","targetHints":{"allow":["GET"]}}],"collection":[{"href":"http:\/\/tressowblog.dtp-net.de\/index.php?rest_route=\/wp\/v2\/posts"}],"about":[{"href":"http:\/\/tressowblog.dtp-net.de\/index.php?rest_route=\/wp\/v2\/types\/post"}],"author":[{"embeddable":true,"href":"http:\/\/tressowblog.dtp-net.de\/index.php?rest_route=\/wp\/v2\/users\/1"}],"replies":[{"embeddable":true,"href":"http:\/\/tressowblog.dtp-net.de\/index.php?rest_route=%2Fwp%2Fv2%2Fcomments&post=1243"}],"version-history":[{"count":10,"href":"http:\/\/tressowblog.dtp-net.de\/index.php?rest_route=\/wp\/v2\/posts\/1243\/revisions"}],"predecessor-version":[{"id":1261,"href":"http:\/\/tressowblog.dtp-net.de\/index.php?rest_route=\/wp\/v2\/posts\/1243\/revisions\/1261"}],"wp:attachment":[{"href":"http:\/\/tressowblog.dtp-net.de\/index.php?rest_route=%2Fwp%2Fv2%2Fmedia&parent=1243"}],"wp:term":[{"taxonomy":"category","embeddable":true,"href":"http:\/\/tressowblog.dtp-net.de\/index.php?rest_route=%2Fwp%2Fv2%2Fcategories&post=1243"},{"taxonomy":"post_tag","embeddable":true,"href":"http:\/\/tressowblog.dtp-net.de\/index.php?rest_route=%2Fwp%2Fv2%2Ftags&post=1243"}],"curies":[{"name":"wp","href":"https:\/\/api.w.org\/{rel}","templated":true}]}}