{"id":1025,"date":"2020-03-27T12:48:25","date_gmt":"2020-03-27T10:48:25","guid":{"rendered":"http:\/\/tressowblog.dtp-net.de\/?p=1025"},"modified":"2020-03-29T18:57:45","modified_gmt":"2020-03-29T16:57:45","slug":"corona-woche-2","status":"publish","type":"post","link":"http:\/\/tressowblog.dtp-net.de\/?p=1025","title":{"rendered":"Corona &#8211; Woche 2"},"content":{"rendered":"<p>Oooh &#8211; die Z\u00e4hlerei geht wieder los &#8230; &#8211; das kann wohl nichts Gutes verhei\u00dfen. &#8211; Nun. Schauen wir mal. Das Thema besch\u00e4ftigt im Moment so gut wie alle Menschen. Weltweit. Insofern w\u00e4re es vermessen hier so zu tun als g\u00e4be es das nicht. Denn auch Tradmans Life wird von den Tagesereignissen bestimmt &#8211; man sollte es nicht glauben. Immerhin sind die Kinder jetzt seit zwei Wochen von der Schulpflicht befreit. Wir machen hier Schule so gut wie es geht. Nat\u00fcrlich werden die Aufgaben gemacht. Die sind gl\u00fccklicherweise nicht sehr zeitintensiv. Die Lehrerin rief an und ich habe mich sehr daf\u00fcr bedankt, dass wir hier kein straffes Schulprogramm durchziehen m\u00fcssen. Wir haben nat\u00fcrlich die normalen Unterrichtsf\u00e4cher Deutsch, Rechnen (Mathe) und Englisch. Zus\u00e4tzlich haben wir Sport, Musik, Kunst, Schach. Wir bauen allt\u00e4gliche T\u00e4tigkeiten in unseren Unterrichtsplan. Backen\/Kochen zum Beispiel. Au\u00dferdem machen wir Freilernen. Das hei\u00dft, die Kinder k\u00f6nnen sich ihren t\u00e4glichen Unterrichtsplan selber zusammenstellen. Das ist zwar mehr oder weniger eine Kr\u00fccke. So lange es keine Lerngruppen f\u00fcr ein Fach gibt, ist es f\u00fcr die Kinder auch schwierig ein Fach auszuw\u00e4hlen. Schlie\u00dflich fehlen die Vorbilder. Schade eigentlich.<\/p>\n<p>Social Media. Oooh weeeeh. Ich werde dar\u00fcber schreiben. Auch dies ist Corona geschuldet. Das Museum hat geschlossen. Anne-Christin ist beruflich sehr engagiert. Also sucht sie sich ein Besch\u00e4ftigungsfeld, welches quasi unendliche Arbeitszeiten erfordert und erm\u00f6glicht. Ortsunabh\u00e4ngig &#8211; Stichwort Homeoffice. Was l\u00e4ge da n\u00e4her als Social Media. Ich muss dazu vorausschicken, dass ich mich von Social Media schon vor einigen Jahren ganz bewusst verabschiedet habe. Nat\u00fcrlich habe ich mich als Webentwickler so mehr oder weniger zwangsl\u00e4ufig damit besch\u00e4ftigt. Ich hatte auch mal erwogen mich auf diesem Felde zu engagieren. Ich bin aber schnell drauf gekommen, dass das eher nichts f\u00fcr mich ist. Aus verschiedenen Gr\u00fcnden. Zum einen gibt es beim sogenannten Social Media nichts, was es im klassischen Web nicht auch g\u00e4be. Es bringt keinen Mehrwert. Im Gegenteil. Und bevor ich jetzt anfange alle M\u00e4ngel und Nachteile von Social Media aufzuz\u00e4hlen, beschr\u00e4nke ich mich mal auf wenige Punkte.<\/p>\n<ul>\n<li>kein eigenes Content Hosting &#8211; man gibt alle Inhalte vorbehaltlos an einen Konzern ab<\/li>\n<li>keine eigene Struktur m\u00f6glich &#8211; man ist auf Gedeih und Verderb auf die Mechanismen und M\u00f6glichkeiten der Plattformen angewiesen, die dann auch noch extrem sperrig und schwer handhabbar sind<\/li>\n<li>Sichtbarkeitszwang &#8211; wenn man eine gewisse Reichweite erreichen will, muss man stets neuen Content produzieren, Follower rekrutieren, selbst followen und liken (Suchtzwang)<\/li>\n<li>100%ige \u00dcberwachung der Nutzer<\/li>\n<li>Datenschutz zu 100% ausgehebelt durch abnicken von Nutzungsbedingungen<\/li>\n<li>professionelles Social Media ist nur durch Agenturen machbar (teuer, sinnlos)<\/li>\n<\/ul>\n<p>Das Museum Wismar ist nun auch bei Instagram (genannt Insta). Der Sinn erschlie\u00dft sich mir zwar nicht. Corona l\u00e4sst aber die Aktivit\u00e4ten auch hier ins Wohnzimmer schwappen. Ich bekomme ein &#8222;Engagement&#8220;. Die Kinder wollen nat\u00fcrlich auch mitmachen. Ich m\u00f6chte die Kinder nicht abschneiden von Zeittrends, auch wenn diese sinnlos und sch\u00e4dlich sind. Sie sollen damit Bekanntschaft machen. Sie m\u00fcssen damit Bekanntschaft machen. Also richte ich &#8222;mal eben schnell&#8220; einen Insta Account ein. Ha &#8230; mal eben schnell &#8230; &#8211; da mein H\u00e4ndi nicht mit einem Googlekonto verbunden ist, ist &#8222;mal eben schnell&#8220; eine etwas l\u00e4ngere Aktion &#8230; Huhu Leser &#8230; merkt ihr was? Von Anne-Christin erhalte ich eine Kurzschulung in Insta. Man kann Insta nur \u00fcber die H\u00e4ndiapp bef\u00fcttern. Huhu Leser &#8230; merkt ihr was &#8230;? Wie so oft, haben wir es bei &#8222;Social Media&#8220; mit einer Begriffsverwirrung zu tun. Es darf getrost als Asocial Media benannt werden. Wer sich fragt, weshalb unsere Gesellschaft sich mit atemberaubendem Tempo in den totalen Irrsinn, in die Verrohung, in die Anonymit\u00e4t, den Abgrund bewegt, darf sich gerne mal mit den Mechanismen von Facebook &amp; Co. besch\u00e4ftigen. Hm. Die ganze kuriose Greta-Bewegung bildet dabei eine der vielen Speerspitzen. Huhu Leser &#8230; merkt ihr was? &#8211; Muss ich gelegentlich mal nachfragen ob noch alle an Bord sind.<\/p>\n<p>Kaum haben die Kinder einen Beitrag erstellt, geht auch schon die Fragerei los &#8230; wieviel Likes habe ich? &#8211; Das sind schon Erkenntnisse, die mich nachdenklich werden lassen. Das soll die Zukunft sein? Und wir machen da jetzt aktiv mit? &#8222;Meine Bilder haben weniger Likes als die von einem anderen Nutzer &#8230;&#8220; usw. Das ist nur der Anfang. Die letzte Woche taktet Insta unser Leben. Da sich die Beitr\u00e4ge ohne Tools nicht vorplanen lassen, muss die Asocial Media Managerin vor dem Fr\u00fchst\u00fcck Insta machen. Nach dem Abendessen wird flei\u00dfig weiter geliked und kommentiert. Das Museumsh\u00e4ndi ersetzt die h\u00e4usliche Kommunikation. Faszinierend. Wie war das nochmal? Warum sind wir nach Tressow gezogen? Der Prozess vollzieht sich unbewusst und im festen Glauben etwas vollkommen sinnvolles, f\u00fcr die Welt wichtiges, etwas &#8222;Gutes&#8220; zu tun. Faszinierend. Und das ist erst der Anfang &#8230;<\/p>\n<p><a href=\"http:\/\/tressowblog.dtp-net.de\/wp-content\/uploads\/2020\/03\/DSC_0118.jpg\"><img loading=\"lazy\" decoding=\"async\" class=\"alignnone size-full wp-image-1028\" src=\"http:\/\/tressowblog.dtp-net.de\/wp-content\/uploads\/2020\/03\/DSC_0118.jpg\" alt=\"DSC_0118\" width=\"1280\" height=\"852\" srcset=\"http:\/\/tressowblog.dtp-net.de\/wp-content\/uploads\/2020\/03\/DSC_0118.jpg 1280w, http:\/\/tressowblog.dtp-net.de\/wp-content\/uploads\/2020\/03\/DSC_0118-300x200.jpg 300w, http:\/\/tressowblog.dtp-net.de\/wp-content\/uploads\/2020\/03\/DSC_0118-1024x682.jpg 1024w, http:\/\/tressowblog.dtp-net.de\/wp-content\/uploads\/2020\/03\/DSC_0118-624x415.jpg 624w\" sizes=\"auto, (max-width: 1280px) 100vw, 1280px\" \/><\/a><\/p>\n<p>Ich besch\u00e4ftige mich lieber mit handfesteren Dingen. Ich zeige euch erstmal ein Bild &#8230;<\/p>\n<p><a href=\"http:\/\/tressowblog.dtp-net.de\/wp-content\/uploads\/2020\/03\/DSC_0082.jpg\"><img loading=\"lazy\" decoding=\"async\" class=\"alignnone size-full wp-image-1026\" src=\"http:\/\/tressowblog.dtp-net.de\/wp-content\/uploads\/2020\/03\/DSC_0082.jpg\" alt=\"DSC_0082\" width=\"1280\" height=\"852\" srcset=\"http:\/\/tressowblog.dtp-net.de\/wp-content\/uploads\/2020\/03\/DSC_0082.jpg 1280w, http:\/\/tressowblog.dtp-net.de\/wp-content\/uploads\/2020\/03\/DSC_0082-300x200.jpg 300w, http:\/\/tressowblog.dtp-net.de\/wp-content\/uploads\/2020\/03\/DSC_0082-1024x682.jpg 1024w, http:\/\/tressowblog.dtp-net.de\/wp-content\/uploads\/2020\/03\/DSC_0082-624x415.jpg 624w\" sizes=\"auto, (max-width: 1280px) 100vw, 1280px\" \/><\/a><\/p>\n<p>Dies bisschen Metall hat etwa 400 Euro gekostet. Daf\u00fcr geht Tradwife immerhin etwa zehnmal zur Manik\u00fcre. Ich hab das mal eben mit einem Klick im Webshop ausgegeben &#8230; Es sind dies, um es nicht zu spannend zu machen, die Teile f\u00fcr ein S\u00e4gewerk &#8230;<\/p>\n<p><a href=\"http:\/\/tressowblog.dtp-net.de\/wp-content\/uploads\/2020\/03\/DSC_0083.jpg\"><img loading=\"lazy\" decoding=\"async\" class=\"alignnone size-full wp-image-1027\" src=\"http:\/\/tressowblog.dtp-net.de\/wp-content\/uploads\/2020\/03\/DSC_0083.jpg\" alt=\"DSC_0083\" width=\"1280\" height=\"852\" srcset=\"http:\/\/tressowblog.dtp-net.de\/wp-content\/uploads\/2020\/03\/DSC_0083.jpg 1280w, http:\/\/tressowblog.dtp-net.de\/wp-content\/uploads\/2020\/03\/DSC_0083-300x200.jpg 300w, http:\/\/tressowblog.dtp-net.de\/wp-content\/uploads\/2020\/03\/DSC_0083-1024x682.jpg 1024w, http:\/\/tressowblog.dtp-net.de\/wp-content\/uploads\/2020\/03\/DSC_0083-624x415.jpg 624w\" sizes=\"auto, (max-width: 1280px) 100vw, 1280px\" \/><\/a><\/p>\n<p>M\u00e4nnerspielzeug eben. Nix Manik\u00fcre. Die Motors\u00e4ge hatte ich zwar schon. Ist nur eine kleine 261 CM mit 3,9 PS, also genau die richtige Gr\u00f6\u00dfe f\u00fcr Brennholz. Erstmal gibt es keine neue S\u00e4ge. Eine gute S\u00e4ge kostet ja auch etwa 1000 Euro und ich wollte zun\u00e4chst schauen, ob das mit dem Bretter s\u00e4gen im Wald \u00fcberhaupt klappt. Jetzt warte ich auf die Holzzuteilung, dann geht es in den Wald. Das d\u00fcrfte auch in der aktuellen Situation gehen. Ich werde berichten.<\/p>\n<p><a href=\"http:\/\/tressowblog.dtp-net.de\/wp-content\/uploads\/2020\/03\/DSC_0084.jpg\"><img loading=\"lazy\" decoding=\"async\" class=\"alignnone size-full wp-image-1035\" src=\"http:\/\/tressowblog.dtp-net.de\/wp-content\/uploads\/2020\/03\/DSC_0084.jpg\" alt=\"DSC_0084\" width=\"1280\" height=\"852\" srcset=\"http:\/\/tressowblog.dtp-net.de\/wp-content\/uploads\/2020\/03\/DSC_0084.jpg 1280w, http:\/\/tressowblog.dtp-net.de\/wp-content\/uploads\/2020\/03\/DSC_0084-300x200.jpg 300w, http:\/\/tressowblog.dtp-net.de\/wp-content\/uploads\/2020\/03\/DSC_0084-1024x682.jpg 1024w, http:\/\/tressowblog.dtp-net.de\/wp-content\/uploads\/2020\/03\/DSC_0084-624x415.jpg 624w\" sizes=\"auto, (max-width: 1280px) 100vw, 1280px\" \/><\/a><\/p>\n<p>Das Schwert kommt \u00fcbrigens aus Australien &#8211; nix China. Die Kette kommt aus den USA (Oregon).<\/p>\n<p><a href=\"http:\/\/tressowblog.dtp-net.de\/wp-content\/uploads\/2020\/03\/DSC_0114.jpg\"><img loading=\"lazy\" decoding=\"async\" class=\"alignnone size-full wp-image-1029\" src=\"http:\/\/tressowblog.dtp-net.de\/wp-content\/uploads\/2020\/03\/DSC_0114.jpg\" alt=\"DSC_0114\" width=\"1280\" height=\"852\" srcset=\"http:\/\/tressowblog.dtp-net.de\/wp-content\/uploads\/2020\/03\/DSC_0114.jpg 1280w, http:\/\/tressowblog.dtp-net.de\/wp-content\/uploads\/2020\/03\/DSC_0114-300x200.jpg 300w, http:\/\/tressowblog.dtp-net.de\/wp-content\/uploads\/2020\/03\/DSC_0114-1024x682.jpg 1024w, http:\/\/tressowblog.dtp-net.de\/wp-content\/uploads\/2020\/03\/DSC_0114-624x415.jpg 624w\" sizes=\"auto, (max-width: 1280px) 100vw, 1280px\" \/><\/a><\/p>\n<p>Wir h\u00e4ngen eine Lampe auf. Die Lichtleistung ist etwas \u00fcberdimensioniert. Immerhin f\u00fcnf mal sieben Watt LED h\u00e4ngen jetzt \u00fcber dem Esstisch. Die moderne Lichttechnik verlangt nach weiteren Gadgets. Ich sollte mich um einen Dimmer k\u00fcmmern &#8230;<\/p>\n<p><a href=\"http:\/\/tressowblog.dtp-net.de\/wp-content\/uploads\/2020\/03\/DSC_0085.jpg\"><img loading=\"lazy\" decoding=\"async\" class=\"alignnone size-full wp-image-1036\" src=\"http:\/\/tressowblog.dtp-net.de\/wp-content\/uploads\/2020\/03\/DSC_0085.jpg\" alt=\"DSC_0085\" width=\"1280\" height=\"852\" srcset=\"http:\/\/tressowblog.dtp-net.de\/wp-content\/uploads\/2020\/03\/DSC_0085.jpg 1280w, http:\/\/tressowblog.dtp-net.de\/wp-content\/uploads\/2020\/03\/DSC_0085-300x200.jpg 300w, http:\/\/tressowblog.dtp-net.de\/wp-content\/uploads\/2020\/03\/DSC_0085-1024x682.jpg 1024w, http:\/\/tressowblog.dtp-net.de\/wp-content\/uploads\/2020\/03\/DSC_0085-624x415.jpg 624w\" sizes=\"auto, (max-width: 1280px) 100vw, 1280px\" \/><\/a><\/p>\n<p>Hinten brutzelt Kaiserschmarren, vorne Hirsepl\u00e4tzchen.<\/p>\n<p><a href=\"http:\/\/tressowblog.dtp-net.de\/wp-content\/uploads\/2020\/03\/DSC_0115.jpg\"><img loading=\"lazy\" decoding=\"async\" class=\"alignnone size-full wp-image-1030\" src=\"http:\/\/tressowblog.dtp-net.de\/wp-content\/uploads\/2020\/03\/DSC_0115.jpg\" alt=\"DSC_0115\" width=\"1280\" height=\"852\" srcset=\"http:\/\/tressowblog.dtp-net.de\/wp-content\/uploads\/2020\/03\/DSC_0115.jpg 1280w, http:\/\/tressowblog.dtp-net.de\/wp-content\/uploads\/2020\/03\/DSC_0115-300x200.jpg 300w, http:\/\/tressowblog.dtp-net.de\/wp-content\/uploads\/2020\/03\/DSC_0115-1024x682.jpg 1024w, http:\/\/tressowblog.dtp-net.de\/wp-content\/uploads\/2020\/03\/DSC_0115-624x415.jpg 624w\" sizes=\"auto, (max-width: 1280px) 100vw, 1280px\" \/><\/a><\/p>\n<p>Recyclingessen 1: Die rote Sauce enth\u00e4lt die Reste vom Lauchgem\u00fcse vom Vortag, das es zu Hirse gab. Die Hirsepl\u00e4tzchen wurden aus der \u00fcbrigen Hirse gebacken. Einfacher Tradman Trick (geht auch ohne Rezept): Zur Hirse eine gute Handvoll Mehl mischen. Dazu ein oder zwei Eier und so viel Wasser, dass die Masse geschmeidig wird. Etwas Salz dazu und in reichlich \u00d6l ausbacken.<\/p>\n<p><img loading=\"lazy\" decoding=\"async\" class=\"alignnone size-full wp-image-1037\" src=\"http:\/\/tressowblog.dtp-net.de\/wp-content\/uploads\/2020\/03\/DSC_0087.jpg\" alt=\"DSC_0087\" width=\"1280\" height=\"852\" srcset=\"http:\/\/tressowblog.dtp-net.de\/wp-content\/uploads\/2020\/03\/DSC_0087.jpg 1280w, http:\/\/tressowblog.dtp-net.de\/wp-content\/uploads\/2020\/03\/DSC_0087-300x200.jpg 300w, http:\/\/tressowblog.dtp-net.de\/wp-content\/uploads\/2020\/03\/DSC_0087-1024x682.jpg 1024w, http:\/\/tressowblog.dtp-net.de\/wp-content\/uploads\/2020\/03\/DSC_0087-624x415.jpg 624w\" sizes=\"auto, (max-width: 1280px) 100vw, 1280px\" \/><\/p>\n<p>Hmmmmmmmm!!!!!!<\/p>\n<p><a href=\"http:\/\/tressowblog.dtp-net.de\/wp-content\/uploads\/2020\/03\/DSC_0117.jpg\"><img loading=\"lazy\" decoding=\"async\" class=\"alignnone size-full wp-image-1031\" src=\"http:\/\/tressowblog.dtp-net.de\/wp-content\/uploads\/2020\/03\/DSC_0117.jpg\" alt=\"DSC_0117\" width=\"1280\" height=\"852\" srcset=\"http:\/\/tressowblog.dtp-net.de\/wp-content\/uploads\/2020\/03\/DSC_0117.jpg 1280w, http:\/\/tressowblog.dtp-net.de\/wp-content\/uploads\/2020\/03\/DSC_0117-300x200.jpg 300w, http:\/\/tressowblog.dtp-net.de\/wp-content\/uploads\/2020\/03\/DSC_0117-1024x682.jpg 1024w, http:\/\/tressowblog.dtp-net.de\/wp-content\/uploads\/2020\/03\/DSC_0117-624x415.jpg 624w\" sizes=\"auto, (max-width: 1280px) 100vw, 1280px\" \/><\/a><\/p>\n<p>Recyclingessen 2: Gesichter wurden gew\u00fcnscht. Die rote Sauce wurde zu Pizzaweckle verarbeitet und mit K\u00e4se \u00fcberbacken. Alle haben ihren Spa\u00df. Installation ohne Insta.<\/p>\n<p><a href=\"http:\/\/tressowblog.dtp-net.de\/wp-content\/uploads\/2020\/03\/DSC_0142.jpg\"><img loading=\"lazy\" decoding=\"async\" class=\"alignnone size-full wp-image-1032\" src=\"http:\/\/tressowblog.dtp-net.de\/wp-content\/uploads\/2020\/03\/DSC_0142.jpg\" alt=\"DSC_0142\" width=\"1280\" height=\"852\" srcset=\"http:\/\/tressowblog.dtp-net.de\/wp-content\/uploads\/2020\/03\/DSC_0142.jpg 1280w, http:\/\/tressowblog.dtp-net.de\/wp-content\/uploads\/2020\/03\/DSC_0142-300x200.jpg 300w, http:\/\/tressowblog.dtp-net.de\/wp-content\/uploads\/2020\/03\/DSC_0142-1024x682.jpg 1024w, http:\/\/tressowblog.dtp-net.de\/wp-content\/uploads\/2020\/03\/DSC_0142-624x415.jpg 624w\" sizes=\"auto, (max-width: 1280px) 100vw, 1280px\" \/><\/a><\/p>\n<p>Da Insta die Bilder abschneidet (warum eigentlich???) seht ihr hier das ganze Bild. Noch ein Insta Tipp: wer Filter verwendet, bekommt mehr Likes.<\/p>\n<p><a href=\"http:\/\/tressowblog.dtp-net.de\/wp-content\/uploads\/2020\/03\/DSC_0144.jpg\"><img loading=\"lazy\" decoding=\"async\" class=\"alignnone size-full wp-image-1033\" src=\"http:\/\/tressowblog.dtp-net.de\/wp-content\/uploads\/2020\/03\/DSC_0144.jpg\" alt=\"DSC_0144\" width=\"1280\" height=\"852\" srcset=\"http:\/\/tressowblog.dtp-net.de\/wp-content\/uploads\/2020\/03\/DSC_0144.jpg 1280w, http:\/\/tressowblog.dtp-net.de\/wp-content\/uploads\/2020\/03\/DSC_0144-300x200.jpg 300w, http:\/\/tressowblog.dtp-net.de\/wp-content\/uploads\/2020\/03\/DSC_0144-1024x682.jpg 1024w, http:\/\/tressowblog.dtp-net.de\/wp-content\/uploads\/2020\/03\/DSC_0144-624x415.jpg 624w\" sizes=\"auto, (max-width: 1280px) 100vw, 1280px\" \/><\/a><\/p>\n<p>Recyclingessen 3: die rote Sauce wird zur Polentapizza verarbeitet (kam bei den Kindern nicht so gut an).<\/p>\n<p><a href=\"http:\/\/tressowblog.dtp-net.de\/wp-content\/uploads\/2020\/03\/DSC_0143.jpg\"><img loading=\"lazy\" decoding=\"async\" class=\"alignnone size-full wp-image-1034\" src=\"http:\/\/tressowblog.dtp-net.de\/wp-content\/uploads\/2020\/03\/DSC_0143.jpg\" alt=\"DSC_0143\" width=\"1280\" height=\"852\" srcset=\"http:\/\/tressowblog.dtp-net.de\/wp-content\/uploads\/2020\/03\/DSC_0143.jpg 1280w, http:\/\/tressowblog.dtp-net.de\/wp-content\/uploads\/2020\/03\/DSC_0143-300x200.jpg 300w, http:\/\/tressowblog.dtp-net.de\/wp-content\/uploads\/2020\/03\/DSC_0143-1024x682.jpg 1024w, http:\/\/tressowblog.dtp-net.de\/wp-content\/uploads\/2020\/03\/DSC_0143-624x415.jpg 624w\" sizes=\"auto, (max-width: 1280px) 100vw, 1280px\" \/><\/a><\/p>\n<p>Auch beim Tradman geht laufend was schief. Diese Weckle waren zu lange im Ofen. Ich habe sie ganz schlicht vergessen und statt dessen mit Jonathan Insta gemacht \ud83d\ude09 Davor habe ich um ein Jahr abgelaufene Trockenhefe f\u00fcr den Teig verwendet. Das funktionierte nicht. Also \u00fcberhaupt gar nicht. Tradmans Tipp: lasst die Trockenhefe nicht ablaufen. Ich habe dann noch ein P\u00e4ckchen nicht abgelaufene Hefe in den Teig geknetet. So musste ich den Teig wenigstens nicht wegwerfen.<\/p>\n<p>Ansonsten steigt unser Internetvolumen auf \u00fcber 150 GB pro Monat. Ich gehe mal wieder einkaufen. Heute ist das Mehl ausverkauft. Und Trockenhefe. Im Nachbarladen gibt es noch Mehl. Eine ganze Palette voll. Ich merke, wie wir doch verw\u00f6hnt sind und in der Annahme leben, dass zu jedem Moment alles verf\u00fcgbar ist. Erste Eink\u00e4uferinnen kommen mit Handschuhen und Mundschutz in den Laden. Es gibt wieder Klopapier, allerdings nur eine Packung pro Einkauf. Wir haben zwar noch eine ganze Packung im Haus. Ich nehme dennoch eine Packung mit &#8230; man wei\u00df ja nie &#8230;<\/p>\n<p>Einen Tradman Tipp habe ich noch auf Lager: verwendet doch mal Fl\u00fcssigseife statt Duschmittel. Fl\u00fcssigseife kostet nur einen Bruchteil von Duschmittel, macht im Grunde das Gleiche und enth\u00e4lt weniger umweltsch\u00e4digende Stoffe. Apropos Fl\u00fcssigseife &#8230; ausverkauft &#8230;<\/p>\n","protected":false},"excerpt":{"rendered":"<p>Oooh &#8211; die Z\u00e4hlerei geht wieder los &#8230; &#8211; das kann wohl nichts Gutes verhei\u00dfen. &#8211; Nun. Schauen wir mal. Das Thema besch\u00e4ftigt im Moment so gut wie alle Menschen. Weltweit. Insofern w\u00e4re es vermessen hier so zu tun als &#8230; <a class=\"more-link\" href=\"http:\/\/tressowblog.dtp-net.de\/?p=1025\">Read More &raquo;<\/a><\/p>\n","protected":false},"author":1,"featured_media":0,"comment_status":"open","ping_status":"open","sticky":false,"template":"","format":"standard","meta":{"footnotes":""},"categories":[1],"tags":[],"class_list":["post-1025","post","type-post","status-publish","format-standard","hentry","category-allgemein"],"_links":{"self":[{"href":"http:\/\/tressowblog.dtp-net.de\/index.php?rest_route=\/wp\/v2\/posts\/1025","targetHints":{"allow":["GET"]}}],"collection":[{"href":"http:\/\/tressowblog.dtp-net.de\/index.php?rest_route=\/wp\/v2\/posts"}],"about":[{"href":"http:\/\/tressowblog.dtp-net.de\/index.php?rest_route=\/wp\/v2\/types\/post"}],"author":[{"embeddable":true,"href":"http:\/\/tressowblog.dtp-net.de\/index.php?rest_route=\/wp\/v2\/users\/1"}],"replies":[{"embeddable":true,"href":"http:\/\/tressowblog.dtp-net.de\/index.php?rest_route=%2Fwp%2Fv2%2Fcomments&post=1025"}],"version-history":[{"count":8,"href":"http:\/\/tressowblog.dtp-net.de\/index.php?rest_route=\/wp\/v2\/posts\/1025\/revisions"}],"predecessor-version":[{"id":1045,"href":"http:\/\/tressowblog.dtp-net.de\/index.php?rest_route=\/wp\/v2\/posts\/1025\/revisions\/1045"}],"wp:attachment":[{"href":"http:\/\/tressowblog.dtp-net.de\/index.php?rest_route=%2Fwp%2Fv2%2Fmedia&parent=1025"}],"wp:term":[{"taxonomy":"category","embeddable":true,"href":"http:\/\/tressowblog.dtp-net.de\/index.php?rest_route=%2Fwp%2Fv2%2Fcategories&post=1025"},{"taxonomy":"post_tag","embeddable":true,"href":"http:\/\/tressowblog.dtp-net.de\/index.php?rest_route=%2Fwp%2Fv2%2Ftags&post=1025"}],"curies":[{"name":"wp","href":"https:\/\/api.w.org\/{rel}","templated":true}]}}